{"id":50829,"date":"2025-11-16T12:59:09","date_gmt":"2025-11-16T12:59:09","guid":{"rendered":"https:\/\/www.europesays.com\/lv\/50829\/"},"modified":"2025-11-16T12:59:09","modified_gmt":"2025-11-16T12:59:09","slug":"latvijai-tuvojas-sniega-makonu-zona-vietam-veidosies-piecus-centimetrus-bieza-sniega-sega","status":"publish","type":"post","link":"https:\/\/www.europesays.com\/lv\/50829\/","title":{"rendered":"Latvijai tuvojas sniega m\u0101ko\u0146u zona, viet\u0101m veidosies piecus centimetrus bieza sniega sega"},"content":{"rendered":"<p>P\u016bt\u012bs l\u0113ns l\u012bdz m\u0113rens dienvidu puses v\u0113j\u0161. Minim\u0101l\u0101 gaisa temperat\u016bra b\u016bs -2, +2 gr\u0101du robe\u017e\u0101s. Nakts otraj\u0101 pus\u0113 viet\u0101m rietumos veidosies migla.<\/p>\n<p>Galvaspils\u0113t\u0101 nakts ies\u0101ksies ar da\u013c\u0113ji m\u0101ko\u0146ainu laiku, debesis pak\u0101peniski arvien vair\u0101k aizkl\u0101s m\u0101ko\u0146i, bet nokri\u0161\u0146i nav gaid\u0101mi. P\u016bt\u012bs l\u0113ns dienvidu v\u0113j\u0161, un minim\u0101l\u0101 gaisa temperat\u016bra b\u016bs ap nulli.<\/p>\n<blockquote class=\"twitter-tweet\" data-width=\"550\" data-dnt=\"true\">\n<p lang=\"zxx\" dir=\"ltr\"><a href=\"https:\/\/t.co\/BZRtj2Iyhx\" rel=\"nofollow\">pic.twitter.com\/BZRtj2Iyhx<\/a><\/p>\n<p>\u2014 Meteo.lv (@LVGMC_Meteo) <a href=\"https:\/\/twitter.com\/LVGMC_Meteo\/status\/1990022293850878237?ref_src=twsrc%5Etfw\" rel=\"nofollow noopener\" target=\"_blank\">November 16, 2025<\/a><\/p>\n<\/blockquote>\n<p>Dien\u0101 Latvij\u0101 gaid\u0101ms m\u0101ko\u0146ains laiks, tom\u0113r viet\u0101m debesis skaidrosies. Daudzviet gaid\u0101mi nokri\u0161\u0146i \u2013 lietus un slapj\u0161 sniegs. Atsevi\u0161\u0137os posmos uz ce\u013ciem gaid\u0101ms apledojums.<\/p>\n<p>P\u016bt\u012bs l\u0113ns l\u012bdz m\u0113rens dienvidu puses v\u0113j\u0161, j\u016bras piekrast\u0113 v\u0113j\u0161 p\u016bt\u012bs m\u0113reni no rietumiem, zieme\u013crietumiem un p\u0113cpusdien\u0101 br\u0101zm\u0101s pastiprin\u0101sies l\u012bdz 15-18 metriem sekund\u0113. Maksim\u0101l\u0101 gaisa temperat\u016bra b\u016bs 0, +5 gr\u0101du robe\u017e\u0101s, bet viet\u0101m j\u016bras piekrast\u0113 gaiss iesils l\u012bdz +7 gr\u0101diem.<\/p>\n<p class=\"ad-desc ad-desc-main\">Saturs turpin\u0101s p\u0113c rekl\u0101mas<\/p>\n<p class=\"ad-desc ad-desc-sec\">Rekl\u0101ma<\/p>\n<p>R\u012bg\u0101 diena b\u016bs liel\u0101koties m\u0101ko\u0146aina, p\u0113cpusdien\u0101 gaid\u0101ms \u012bslaic\u012bgs lietus un slapj\u0161 sniegs. P\u016bt\u012bs l\u0113ns l\u012bdz m\u0113rens dienvidu puses v\u0113j\u0161, un gaiss iesils l\u012bdz +2, +3 gr\u0101diem.<\/p>\n<p class=\"tv3-fw-500\">Zi\u0146o par k\u013c\u016bdu rakst\u0101<\/p>\n<p class=\"d-md-block d-none\">Iez\u012bm\u0113 k\u013c\u016bdaino tekstu un spied Ctrl+Enter.<\/p>\n<p class=\"d-md-none d-block\">Iez\u012bm\u0113 k\u013c\u016bdaino tekstu un zi\u0146o par to!<\/p>\n<p>                <script async src=\"https:\/\/platform.twitter.com\/widgets.js\" charset=\"utf-8\"><\/script><\/p>\n","protected":false},"excerpt":{"rendered":"P\u016bt\u012bs l\u0113ns l\u012bdz m\u0113rens dienvidu puses v\u0113j\u0161. Minim\u0101l\u0101 gaisa temperat\u016bra b\u016bs -2, +2 gr\u0101du robe\u017e\u0101s. Nakts otraj\u0101 pus\u0113&hellip;\n","protected":false},"author":2,"featured_media":50830,"comment_status":"","ping_status":"","sticky":false,"template":"","format":"standard","meta":{"footnotes":""},"categories":[12],"tags":[23,28,29,32,33,22,2805,30,31,35,39,38,36,37,34,40,20,26,27,24,25,21],"class_list":{"0":"post-50829","1":"post","2":"type-post","3":"status-publish","4":"format-standard","5":"has-post-thumbnail","7":"category-latvija","8":"tag-aktualitates","9":"tag-breaking-news","10":"tag-breakingnews","11":"tag-featured-news","12":"tag-featurednews","13":"tag-headlines","14":"tag-laika-prognozelaika-zinas","15":"tag-latest-news","16":"tag-latestnews","17":"tag-latvia","18":"tag-latvian","19":"tag-latviesu","20":"tag-latviesu-valoda","21":"tag-latviesuvaloda","22":"tag-latvija","23":"tag-lv","24":"tag-news","25":"tag-popularakas-zinas","26":"tag-popularakaszinas","27":"tag-top-stories","28":"tag-topstories","29":"tag-zinas"},"share_on_mastodon":{"url":"https:\/\/pubeurope.com\/@lv\/115559502054266629","error":""},"_links":{"self":[{"href":"https:\/\/www.europesays.com\/lv\/wp-json\/wp\/v2\/posts\/50829","targetHints":{"allow":["GET"]}}],"collection":[{"href":"https:\/\/www.europesays.com\/lv\/wp-json\/wp\/v2\/posts"}],"about":[{"href":"https:\/\/www.europesays.com\/lv\/wp-json\/wp\/v2\/types\/post"}],"author":[{"embeddable":true,"href":"https:\/\/www.europesays.com\/lv\/wp-json\/wp\/v2\/users\/2"}],"replies":[{"embeddable":true,"href":"https:\/\/www.europesays.com\/lv\/wp-json\/wp\/v2\/comments?post=50829"}],"version-history":[{"count":0,"href":"https:\/\/www.europesays.com\/lv\/wp-json\/wp\/v2\/posts\/50829\/revisions"}],"wp:featuredmedia":[{"embeddable":true,"href":"https:\/\/www.europesays.com\/lv\/wp-json\/wp\/v2\/media\/50830"}],"wp:attachment":[{"href":"https:\/\/www.europesays.com\/lv\/wp-json\/wp\/v2\/media?parent=50829"}],"wp:term":[{"taxonomy":"category","embeddable":true,"href":"https:\/\/www.europesays.com\/lv\/wp-json\/wp\/v2\/categories?post=50829"},{"taxonomy":"post_tag","embeddable":true,"href":"https:\/\/www.europesays.com\/lv\/wp-json\/wp\/v2\/tags?post=50829"}],"curies":[{"name":"wp","href":"https:\/\/api.w.org\/{rel}","templated":true}]}}