{"id":5091,"date":"2025-09-25T22:29:19","date_gmt":"2025-09-25T22:29:19","guid":{"rendered":"https:\/\/www.europesays.com\/lv\/5091\/"},"modified":"2025-09-25T22:29:19","modified_gmt":"2025-09-25T22:29:19","slug":"tukuma-plano-buvet-daudzdzivoklu-majas-ar-150-dzivokliem-dienas-bizness","status":"publish","type":"post","link":"https:\/\/www.europesays.com\/lv\/5091\/","title":{"rendered":"Tukum\u0101 pl\u0101no b\u016bv\u0113t daudzdz\u012bvok\u013cu m\u0101jas ar 150 dz\u012bvok\u013ciem :: Dienas Bizness"},"content":{"rendered":"<p class=\"text-font font-size--text-xlarge margin-3--bottom font-weight--bold padding-1--top\">Publisk\u0101 &#8211; priv\u0101t\u0101 partner\u012bbas pilotprojekta &#8220;\u012ares m\u0101jok\u013ci Latvijas speci\u0101listiem&#8221; ietvaros Tukum\u0101, Smil\u0161u iel\u0101 pl\u0101no b\u016bv\u0113t divas daudzdz\u012bvok\u013cu m\u0101jas, nodro\u0161inot 150 pieejamas cenas \u012bres dz\u012bvok\u013cus eso\u0161ajiem un jaunajiem speci\u0101listiem un vi\u0146u \u0123imen\u0113m.<\/p>\n<p class=\"text-font font-size--text-xlarge margin-3--bottom\">Publisk\u0101s &#8211; priv\u0101t\u0101s partner\u012bbas projekts \u013caus pa\u0161vald\u012bbai, sadarb\u012bb\u0101 ar uz\u0146\u0113m\u0113jiem, rast iesp\u0113ju nodro\u0161in\u0101t kvalitat\u012bvus, ilgtsp\u0113j\u012bgus un energoefekt\u012bvus \u012bres m\u0101jok\u013cus eso\u0161o un jauno speci\u0101listu notur\u0113\u0161anai un piesaistei t\u0101d\u0101s b\u016btisk\u0101s nozar\u0113s k\u0101 skolot\u0101ji, ugunsdz\u0113s\u0113ji, policisti, milit\u0101rpersonas, valsts, pa\u0161vald\u012bbu darbinieki u. c. Projekt\u0101 paredz\u0113ti gan nelieli studio tipa dz\u012bvok\u013ci, gan m\u0101jok\u013ci ar vienu l\u012bdz trim gu\u013camistab\u0101m. Jaunie \u012bres dz\u012bvok\u013ci var\u0113tu b\u016bt pieejami iedz\u012bvot\u0101jiem no 2029.gada.<\/p>\n<p class=\"text-font font-size--text-xlarge margin-3--bottom\">Pilotprojekts tiek veidots p\u0113c &#8220;priv\u0101tais partneris projekt\u0113, b\u016bv\u0113, finans\u0113, uztur, apsaimnieko&#8221; mode\u013ca, publisk\u0101 sektora pieejam\u012bbas maks\u0101jumu iek\u013caujot valsts un pa\u0161vald\u012bbu bud\u017eetu izdevumos no 2030.gada &#8211; vienlaikus ar m\u0101jas pieejam\u012bbu iedz\u012bvot\u0101jiem. Turkl\u0101t programma paredz, ka projekta beig\u0101s pa\u0161vald\u012bba sa\u0146em \u012bpa\u0161um\u0101 zemi un izb\u016bv\u0113tos m\u0101jok\u013cus.<\/p>\n<p class=\"text-font font-size--text-xlarge margin-3--bottom\">Vid\u0113j\u0101 \u012bres maksa jaunajos namos paredz\u0113ta 7,5 EUR\/m\u00b2 (iek\u013caujot ar\u012b apsaimnieko\u0161anas izdevumus) &#8211; viena m\u0101jok\u013ca vid\u0113j\u0101 \u012bres maksa m\u0113nes\u012b pl\u0101nota aptuveni 450 EUR. \u012ares maksa b\u016bs balst\u012bta uz iedz\u012bvot\u0101ju maks\u0101tsp\u0113ju, bet starp\u012bbu segs valsts un pa\u0161vald\u012bba.<\/p>\n<p class=\"text-font font-size--text-xlarge margin-3--bottom\">Tukuma novada uz\u0146\u0113m\u0113ji jau ir akt\u012bvi iesaist\u012bju\u0161ies dz\u012bvojamo m\u0101ju att\u012bst\u012bb\u0101 &#8211; p\u0113d\u0113jo piecu gadu laik\u0101 novad\u0101 uzb\u016bv\u0113tas daudzdz\u012bvok\u013cu m\u0101jas ar vair\u0101k nek\u0101 350 dz\u012bvok\u013ciem un \u0161obr\u012bd da\u017e\u0101d\u0101s att\u012bst\u012bbas stadij\u0101s ir v\u0113l projekti vair\u0101k nek\u0101 300 m\u0101jok\u013ciem.<\/p>\n<p class=\"text-font font-size--text-xlarge margin-3--bottom\">Gan pa\u0161vald\u012bba, gan viet\u0113jie uz\u0146\u0113m\u0113ji ir vienispr\u0101tis &#8211; bez jauniem m\u0101jok\u013ciem neatt\u012bst\u012bsies uz\u0146\u0113m\u0113jdarb\u012bba un nerad\u012bsies jaunas darba vietas, bet bez darba viet\u0101m nerad\u012bsies jauni m\u0101jok\u013ci &#8211; \u0161is jaut\u0101jums ir j\u0101skata kompleksi un ir j\u0101sper pirmais solis p\u0101rmai\u0146u virzien\u0101. Ar uz\u0146\u0113m\u0113jiem p\u0101rrun\u0101tas ar\u012b demogr\u0101fijas tendences, iesp\u0113jamais piepras\u012bjums p\u0113c jaunajiem dz\u012bvok\u013ciem, projekta izmaksas un konkurence ar priv\u0101to sektoru.<\/p>\n","protected":false},"excerpt":{"rendered":"Publisk\u0101 &#8211; priv\u0101t\u0101 partner\u012bbas pilotprojekta &#8220;\u012ares m\u0101jok\u013ci Latvijas speci\u0101listiem&#8221; ietvaros Tukum\u0101, Smil\u0161u iel\u0101 pl\u0101no b\u016bv\u0113t divas daudzdz\u012bvok\u013cu m\u0101jas,&hellip;\n","protected":false},"author":2,"featured_media":5092,"comment_status":"","ping_status":"","sticky":false,"template":"","format":"standard","meta":{"footnotes":""},"categories":[12],"tags":[23,869,77,870,28,29,867,32,33,22,30,31,35,39,38,36,37,34,871,868,40,20,26,27,24,25,21],"class_list":{"0":"post-5091","1":"post","2":"type-post","3":"status-publish","4":"format-standard","5":"has-post-thumbnail","7":"category-latvija","8":"tag-aktualitates","9":"tag-biznesa-zinas","10":"tag-bizness","11":"tag-bizness-latvija","12":"tag-breaking-news","13":"tag-breakingnews","14":"tag-dienas-zinas","15":"tag-featured-news","16":"tag-featurednews","17":"tag-headlines","18":"tag-latest-news","19":"tag-latestnews","20":"tag-latvia","21":"tag-latvian","22":"tag-latviesu","23":"tag-latviesu-valoda","24":"tag-latviesuvaloda","25":"tag-latvija","26":"tag-latvijas-biznesa-zinas","27":"tag-latvijas-zinas","28":"tag-lv","29":"tag-news","30":"tag-popularakas-zinas","31":"tag-popularakaszinas","32":"tag-top-stories","33":"tag-topstories","34":"tag-zinas"},"share_on_mastodon":{"url":"","error":""},"_links":{"self":[{"href":"https:\/\/www.europesays.com\/lv\/wp-json\/wp\/v2\/posts\/5091","targetHints":{"allow":["GET"]}}],"collection":[{"href":"https:\/\/www.europesays.com\/lv\/wp-json\/wp\/v2\/posts"}],"about":[{"href":"https:\/\/www.europesays.com\/lv\/wp-json\/wp\/v2\/types\/post"}],"author":[{"embeddable":true,"href":"https:\/\/www.europesays.com\/lv\/wp-json\/wp\/v2\/users\/2"}],"replies":[{"embeddable":true,"href":"https:\/\/www.europesays.com\/lv\/wp-json\/wp\/v2\/comments?post=5091"}],"version-history":[{"count":0,"href":"https:\/\/www.europesays.com\/lv\/wp-json\/wp\/v2\/posts\/5091\/revisions"}],"wp:featuredmedia":[{"embeddable":true,"href":"https:\/\/www.europesays.com\/lv\/wp-json\/wp\/v2\/media\/5092"}],"wp:attachment":[{"href":"https:\/\/www.europesays.com\/lv\/wp-json\/wp\/v2\/media?parent=5091"}],"wp:term":[{"taxonomy":"category","embeddable":true,"href":"https:\/\/www.europesays.com\/lv\/wp-json\/wp\/v2\/categories?post=5091"},{"taxonomy":"post_tag","embeddable":true,"href":"https:\/\/www.europesays.com\/lv\/wp-json\/wp\/v2\/tags?post=5091"}],"curies":[{"name":"wp","href":"https:\/\/api.w.org\/{rel}","templated":true}]}}