{"id":50912,"date":"2025-11-16T14:25:22","date_gmt":"2025-11-16T14:25:22","guid":{"rendered":"https:\/\/www.europesays.com\/lv\/50912\/"},"modified":"2025-11-16T14:25:22","modified_gmt":"2025-11-16T14:25:22","slug":"baltijas-valstis-vienojas-stiprinat-aizsardzibu-atbalstit-ukrainu-un-ierobezot-krieviju-lente-lv","status":"publish","type":"post","link":"https:\/\/www.europesays.com\/lv\/50912\/","title":{"rendered":"Baltijas valstis vienojas stiprin\u0101t aizsardz\u012bbu, atbalst\u012bt Ukrainu un ierobe\u017eot Krieviju\u00a0\u2014\u00a0Lente.lv"},"content":{"rendered":"<p>Baltijas valstu vienot\u012bba dro\u0161\u012bbas stiprin\u0101\u0161an\u0101 un atbalst\u0101 Ukrainai<\/p>\n<p>R\u012bg\u0101 notikus\u012b Baltijas Asamblejas sesija un Baltijas Padomes tik\u0161an\u0101s iez\u012bm\u0113jusi Baltijas valstu ap\u0146\u0113m\u012bbu v\u0113l cie\u0161\u0101k sadarboties \u0101rpolitikas un dro\u0161\u012bbas jaut\u0101jumos. T\u0101s dal\u012bbnieki \u2013 parlamentu p\u0101rst\u0101vji un \u0101rlietu ministri \u2013 vienpr\u0101t\u012bgi pauda nepiecie\u0161am\u012bbu stiprin\u0101t re\u0123iona \u0101r\u0113jo robe\u017eu, palielin\u0101t invest\u012bcijas aizsardz\u012bb\u0101, turpin\u0101t nelok\u0101mu atbalstu Ukrainai un akt\u012bvi str\u0101d\u0101t pie Krievijas v\u0101jin\u0101\u0161anas un t\u0101s agresijas ierobe\u017eo\u0161anas. \u0160is kop\u012bgais redz\u0113jums ir ne tikai strat\u0113\u0123isks solis, bet ar\u012b skaidrs sign\u0101ls par Baltijas valstu nelok\u0101mo st\u0101ju un gatav\u012bbu st\u0101ties pret\u012b m\u016bsdienu dro\u0161\u012bbas izaicin\u0101jumiem.<\/p>\n<p>Aizsardz\u012bbas sp\u0113ju stiprin\u0101\u0161ana k\u0101 priorit\u0101te<\/p>\n<p>K\u0101 uzsv\u0113rusi Latvijas \u0101rlietu ministre Baiba Bra\u017ee, Baltijas valstis ir NATO l\u012bderes aizsardz\u012bbas jom\u0101, jau n\u0101kamaj\u0101 gad\u0101 sasniedzot vieno\u0161anos par 5% no IKP ieguld\u012bjumiem aizsardz\u012bb\u0101. \u0160is sasniegums nav tikai skaitlis, bet gan apliecin\u0101jums dzi\u013cai izpratnei par to, ka re\u0123ions ir pirm\u0101 dro\u0161\u012bbas l\u012bnija gan Eiropas Savien\u012bbai, gan NATO. Tiek veidoti iev\u0113rojami ieguld\u012bjumi infrastrukt\u016bras stiprin\u0101\u0161an\u0101 un cilv\u0113kresursu att\u012bst\u012bb\u0101, lai efekt\u012bvi sarg\u0101tu kop\u0113jo \u0101r\u0113jo robe\u017eu. Turkl\u0101t Baltijas valstis akt\u012bvi c\u012bn\u0101s pret Krievijas hibr\u012bddraudiem, tostarp migr\u0101cijas instrumentaliz\u0101ciju, k\u0101 ar\u012b r\u016bp\u012bgi piem\u0113ro un uzrauga Eiropas Savien\u012bbas noteikto sankciju iev\u0113ro\u0161anu, nepie\u013caujot to apie\u0161anu.<\/p>\n<p>\u0160\u0101da strat\u0113\u0123iska pieeja aizsardz\u012bbai ir nepiecie\u0161ama, jo Krievija turpina demonstr\u0113t savu milit\u0101ro gatav\u012bbu, pl\u0101nojot pla\u0161as milit\u0101r\u0101s m\u0101c\u012bbas &#8220;Zapad-2025&#8221; kop\u0101 ar Baltkrieviju, kas rada ba\u017eas par re\u0123iona dro\u0161\u012bbu . Lai gan \u0161\u012bs m\u0101c\u012bbas bie\u017ei tiek uzskat\u012btas par psiholo\u0123iska kara instrumentu, lai vairotu bailes un \u0161aubas NATO valstu sabiedr\u012bb\u0101s , Baltijas valstis tam gatavojas, stiprinot savas aizsardz\u012bbas sp\u0113jas un cie\u0161\u0101ku milit\u0101ro sadarb\u012bbu, tostarp iepirkumos un kop\u012bg\u0101s m\u0101c\u012bb\u0101s .<\/p>\n<p>Nelok\u0101ms atbalsts Ukrainai<\/p>\n<p>Baltijas valstu l\u012bderi apliecin\u0101ju\u0161i savu nelok\u0101mo atbalstu Ukrainai t\u0101s c\u012b\u0146\u0101 par teritori\u0101lo integrit\u0101ti un suverenit\u0101ti. \u0160is atbalsts izpau\u017eas gan finansi\u0101li, gan milit\u0101ri, gan politiski. Zieme\u013cvalstis un Baltijas valstis kop\u012bgi pie\u0161\u0137ir iev\u0113rojamu milit\u0101ro pal\u012bdz\u012bbu Ukrainai, dodoties ieguld\u012bjumos bru\u0146ojuma un mun\u012bcijas ieg\u0101d\u0113, \u012bpa\u0161u uzman\u012bbu piev\u0113r\u0161ot pretgaisa aizsardz\u012bbas sist\u0113m\u0101m . Latvija ir ap\u0146\u0113musies sniegt milit\u0101ro atbalstu vismaz 0,25% no IKP un kop\u0101 ar Apvienoto Karalisti vada Dronu koal\u012bciju, lai pastiprin\u0101tu pieg\u0101des un att\u012bst\u012btu nacion\u0101lo dronu ra\u017eo\u0161anu .<\/p>\n<p>\u0160is atbalsts ir vit\u0101li svar\u012bgs, \u012bpa\u0161i laik\u0101, kad Ukrainas prezidents Volodimirs Zelenskis ir paudis ba\u017eas par Rietumu milit\u0101r\u0101s pal\u012bdz\u012bbas samazin\u0101\u0161anos . Baltijas valstu solidarit\u0101te un praktisk\u0101 pal\u012bdz\u012bba ir skaidrs sign\u0101ls par ap\u0146\u0113m\u012bbu nodro\u0161in\u0101t Ukrainas priorit\u0101r\u0101s milit\u0101r\u0101s vajadz\u012bbas un stiprin\u0101t kolekt\u012bvo dro\u0161\u012bbu Eirop\u0101 . Tiek turpin\u0101ts darbs pie koordin\u0101cijas gan Eiropas Savien\u012bbas sankciju noteik\u0161an\u0101 un \u012bsteno\u0161an\u0101 pret Krieviju, gan ar\u012b pie centieniem pan\u0101kt \u012apa\u0161\u0101 tribun\u0101la izveido\u0161anu agresijas noziegumam pret Ukrainu .<\/p>\n<p>Krievijas ierobe\u017eo\u0161anas strat\u0113\u0123ija un ener\u0123\u0113tisk\u0101 dro\u0161\u012bba<\/p>\n<p>Sadarb\u012bbas stiprin\u0101\u0161anas kontekst\u0101, Baltijas valstis turpina centienus v\u0101jin\u0101t Krieviju ne tikai milit\u0101ri, bet ar\u012b ekonomiski. Tas ietver gan stingru sankciju piem\u0113ro\u0161anu un to apie\u0161anas nov\u0113r\u0161anu, gan ar\u012b ce\u013co\u0161anas ierobe\u017eojumus. Piem\u0113ram, Latvija ir pagarin\u0101jusi iebrauk\u0161anas aizliegumu Krievijas t\u016bristiem l\u012bdz 2025. gada martam, lai gan noteikti iz\u0146\u0113mumi saglab\u0101jas . T\u0101pat pl\u0101nots aizliegt neregul\u0101rus pasa\u017eieru p\u0101rvad\u0101jumus ar autobusiem uz Krieviju un Baltkrieviju no 2025. gada 15. oktobra, pastiprinot dro\u0161\u012bbas riskus uz valsts \u0101r\u0113j\u0101s robe\u017eas .<\/p>\n<p>Noz\u012bm\u012bgs solis ener\u0123\u0113tisk\u0101s dro\u0161\u012bbas stiprin\u0101\u0161an\u0101 ir Baltijas valstu veiksm\u012bg\u0101 atsl\u0113g\u0161an\u0101s no Krievijas energot\u012bkla un piesl\u0113g\u0161an\u0101s Eiropas elektroener\u0123ijas t\u012bklam. K\u0101 uzsv\u0113ris Lietuvas \u0101rlietu ministrs, \u0161is ir milz\u012bgs pan\u0101kums, kas par\u0101da Baltijas valstu sp\u0113ku un samazina Krievijas iesp\u0113jas \u0161anta\u017e\u0113t re\u0123ionu . Tom\u0113r tiek nor\u0101d\u012bts, ka Baltijas valst\u012bm v\u0113l b\u016btu j\u0101padzi\u013cina sadarb\u012bba ener\u0123\u0113tikas jom\u0101 un j\u0101izstr\u0101d\u0101 kop\u012bga ener\u0123\u0113tisk\u0101 strat\u0113\u0123ija .<\/p>\n<p>N\u0101kotnes perspekt\u012bvas un sadarb\u012bbas v\u012bzija<\/p>\n<p>Baltijas valstu l\u012bderi pau\u017e optimismu par paveikto, ta\u010du vienlaikus atz\u012bst, ka vienm\u0113r ir vieta uzlabojumiem. Tiek uzsv\u0113rts, ka Baltijas valstu sp\u0113ks ir vienot\u012bb\u0101 un n\u0101kotne \u2013 arvien cie\u0161\u0101k\u0101 sadarb\u012bb\u0101 . Parlamenskie\u0161i ir p\u0101rliecin\u0101ti, ka Baltijas valstu sadarb\u012bbai ir j\u0101b\u016bt pietiekami stiprai, lai nov\u0113rstu pa\u0161reiz\u0113j\u0101s probl\u0113mas un n\u0101kotnes izaicin\u0101jumus, k\u013c\u016bstot par vienot\u012bbas paraugu arvien sare\u017e\u0123\u012bt\u0101kos apst\u0101k\u013cos . Tiek\u0161an\u0101s p\u0113c cie\u0161\u0101kas re\u0123ion\u0101l\u0101s savienojam\u012bbas, ener\u0123\u0113tisk\u0101s dro\u0161\u012bbas stiprin\u0101\u0161anas un invest\u012bciju piesaistes ir galvenie priorit\u0101rie virzieni, kas noteikti Latvijas prezident\u016bras laik\u0101 Baltijas Ministru padom\u0113 2025. gad\u0101 . \u0160\u012bs priorit\u0101tes atspogu\u013co Baltijas valstu gatav\u012bbu ne tikai aizst\u0101v\u0113t sevi, bet ar\u012b akt\u012bvi veidot dro\u0161\u0101ku un stabil\u0101ku n\u0101kotni visam re\u0123ionam.<\/p>\n","protected":false},"excerpt":{"rendered":"Baltijas valstu vienot\u012bba dro\u0161\u012bbas stiprin\u0101\u0161an\u0101 un atbalst\u0101 Ukrainai R\u012bg\u0101 notikus\u012b Baltijas Asamblejas sesija un Baltijas Padomes tik\u0161an\u0101s iez\u012bm\u0113jusi&hellip;\n","protected":false},"author":2,"featured_media":50913,"comment_status":"","ping_status":"","sticky":false,"template":"","format":"standard","meta":{"footnotes":""},"categories":[5],"tags":[1546,23,13952,13951,28,29,334,32,33,22,6376,30,31,35,39,38,36,37,34,40,20,26,27,24,25,21],"class_list":{"0":"post-50912","1":"post","2":"type-post","3":"status-publish","4":"format-standard","5":"has-post-thumbnail","7":"category-aktualitates","8":"tag-aizsardziba","9":"tag-aktualitates","10":"tag-atbalsts-ukrainai","11":"tag-baltijas-valstu-sadarbiba","12":"tag-breaking-news","13":"tag-breakingnews","14":"tag-drosiba","15":"tag-featured-news","16":"tag-featurednews","17":"tag-headlines","18":"tag-krievijas-ierobezosana","19":"tag-latest-news","20":"tag-latestnews","21":"tag-latvia","22":"tag-latvian","23":"tag-latviesu","24":"tag-latviesu-valoda","25":"tag-latviesuvaloda","26":"tag-latvija","27":"tag-lv","28":"tag-news","29":"tag-popularakas-zinas","30":"tag-popularakaszinas","31":"tag-top-stories","32":"tag-topstories","33":"tag-zinas"},"share_on_mastodon":{"url":"https:\/\/pubeurope.com\/@lv\/115559840205022085","error":""},"_links":{"self":[{"href":"https:\/\/www.europesays.com\/lv\/wp-json\/wp\/v2\/posts\/50912","targetHints":{"allow":["GET"]}}],"collection":[{"href":"https:\/\/www.europesays.com\/lv\/wp-json\/wp\/v2\/posts"}],"about":[{"href":"https:\/\/www.europesays.com\/lv\/wp-json\/wp\/v2\/types\/post"}],"author":[{"embeddable":true,"href":"https:\/\/www.europesays.com\/lv\/wp-json\/wp\/v2\/users\/2"}],"replies":[{"embeddable":true,"href":"https:\/\/www.europesays.com\/lv\/wp-json\/wp\/v2\/comments?post=50912"}],"version-history":[{"count":0,"href":"https:\/\/www.europesays.com\/lv\/wp-json\/wp\/v2\/posts\/50912\/revisions"}],"wp:featuredmedia":[{"embeddable":true,"href":"https:\/\/www.europesays.com\/lv\/wp-json\/wp\/v2\/media\/50913"}],"wp:attachment":[{"href":"https:\/\/www.europesays.com\/lv\/wp-json\/wp\/v2\/media?parent=50912"}],"wp:term":[{"taxonomy":"category","embeddable":true,"href":"https:\/\/www.europesays.com\/lv\/wp-json\/wp\/v2\/categories?post=50912"},{"taxonomy":"post_tag","embeddable":true,"href":"https:\/\/www.europesays.com\/lv\/wp-json\/wp\/v2\/tags?post=50912"}],"curies":[{"name":"wp","href":"https:\/\/api.w.org\/{rel}","templated":true}]}}