{"id":50918,"date":"2025-11-16T14:32:11","date_gmt":"2025-11-16T14:32:11","guid":{"rendered":"https:\/\/www.europesays.com\/lv\/50918\/"},"modified":"2025-11-16T14:32:11","modified_gmt":"2025-11-16T14:32:11","slug":"kaspara-ciprusa-kazas-adrianas-miglanes-milestiba-un-gunara-jakobsona-90-jubileja-nedelas-notikumu-apskats-lente-lv","status":"publish","type":"post","link":"https:\/\/www.europesays.com\/lv\/50918\/","title":{"rendered":"Kaspara Ciprusa k\u0101zas, Adrianas Migl\u0101nes m\u012blest\u012bba un Gun\u0101ra J\u0101kobsona 90. jubileja \u2013 ned\u0113\u013cas notikumu apskats\u00a0\u2014\u00a0Lente.lv"},"content":{"rendered":"<p>Kaspara Ciprusa k\u0101zas un jaunas m\u012blest\u012bbas prieki Latvijas \u0161ovbiznes\u0101<\/p>\n<p>Pag\u0101ju\u0161\u0101 ned\u0113\u013ca Latvijas sabiedr\u012bb\u0101 pag\u0101ja ar aizraut\u012bbu par jauniem notikumiem person\u012bgaj\u0101 dz\u012bv\u0113 \u2013 Kaspars Cipruss ir teicis &#8220;j\u0101&#8221; savai sirdsd\u0101mai, apliecinot, ka m\u012blest\u012bba plaukst ar\u012b slaven\u012bbu pasaul\u0113. Lai gan deta\u013cas par pa\u0161u ceremoniju tiek tur\u0113tas nosl\u0113pum\u0101, \u0161\u012b v\u0113sts ir sag\u0101d\u0101jusi prieku daudziem.<\/p>\n<p>Savuk\u0101rt aktrise Adriana Migl\u0101ne nav sl\u0113pusi savu laimi un atkl\u0101jusi jaunus attiec\u012bbu pirmos so\u013cus. Vi\u0146as smaido\u0161\u0101 seja un prieks ir lip\u012bgs, apliecinot, ka dz\u012bv\u0113 vienm\u0113r ir vieta jaun\u0101m cer\u012bb\u0101m un romantikai. \u0160\u0101di atkl\u0101jumi vienm\u0113r pie\u0161\u0137ir papildu kr\u0101sas m\u016bsu ikdienai, liekot notic\u0113t br\u012bnumiem.<\/p>\n<p>Gun\u0101rs J\u0101kobsons svin 90 gadu jubileju \u2013 godpilns notikums<\/p>\n<p>Par noz\u012bm\u012bgu pagrieziena punktu k\u013cuvusi Gun\u0101ra J\u0101kobsona 90. dzim\u0161anas dienas atz\u012bm\u0113\u0161ana. \u0160\u012b ir ne tikai person\u012bga svin\u0113\u0161ana, bet ar\u012b atskats uz bag\u0101t\u012bgu m\u016b\u017eu, kas piepild\u012bts ar sasniegumiem un pieredzi. J\u0101kobsona jubileja ir godpilns notikums, kas liek aizdom\u0101ties par dz\u012bves v\u0113rt\u012bbu un cilv\u0113ka devumu sabiedr\u012bbai. \u0160\u0101dos br\u012b\u017eos \u012bpa\u0161i nov\u0113rt\u0113jam cilv\u0113kus, kuri ar savu darbu un dz\u012bvesstilu iedvesmo m\u016bs visus.<\/p>\n<p>Ivars Cinkuss atvad\u0101s no &#8220;Gaudeamus&#8221; \u2013 laiks jauniem izaicin\u0101jumiem<\/p>\n<p>V\u0113l viens noz\u012bm\u012bgs notikums ir Ivara Cinkusa l\u0113mums atst\u0101t &#8220;Gaudeamus&#8221; kolekt\u012bvu. P\u0113c daudziem kop\u0101 aizvad\u012btiem gadiem un noz\u012bm\u012bgiem kopdarbiem, vi\u0146a karjera turpin\u0101sies jaun\u0101 virzien\u0101. Lai gan \u0161\u0137ir\u0161an\u0101s vienm\u0113r ir emocion\u0101la, t\u0101 paver ce\u013cu jauniem sap\u0146iem un izaicin\u0101jumiem. Cinkusa aizie\u0161ana ir apliecin\u0101jums tam, ka dz\u012bve ir nep\u0101rtraukta att\u012bst\u012bba un mekl\u0113jumi.<\/p>\n<p>Ned\u0113\u013cas notikumu kopums \u2013 da\u017e\u0101d\u012bba un emociju gamma<\/p>\n<p>\u0160\u012b ned\u0113\u013ca Latvijas \u0161ovbiznes\u0101 ir bijusi patiesi pies\u0101tin\u0101ta ar da\u017e\u0101diem notikumiem \u2013 no priec\u012bg\u0101m k\u0101z\u0101m un jaunu attiec\u012bbu uzplaukuma l\u012bdz pat noz\u012bm\u012bg\u0101m jubilej\u0101m un karjeras pagrieziena punktiem. Katrs no \u0161iem notikumiem pie\u0161\u0137ir savu unik\u0101lo kr\u0101su kop\u0113jai aina, atg\u0101dinot mums par dz\u012bves neparedzam\u012bbu un bag\u0101t\u012bbu. \u0160\u0101di notikumi ne tikai interes\u0113 sabiedr\u012bbu, bet ar\u012b sniedz iesp\u0113ju aizdom\u0101ties par person\u012bgo dz\u012bvi, sasniegumiem un n\u0101kotnes pl\u0101niem.<\/p>\n","protected":false},"excerpt":{"rendered":"Kaspara Ciprusa k\u0101zas un jaunas m\u012blest\u012bbas prieki Latvijas \u0161ovbiznes\u0101 Pag\u0101ju\u0161\u0101 ned\u0113\u013ca Latvijas sabiedr\u012bb\u0101 pag\u0101ja ar aizraut\u012bbu par jauniem&hellip;\n","protected":false},"author":2,"featured_media":50919,"comment_status":"","ping_status":"","sticky":false,"template":"","format":"standard","meta":{"footnotes":""},"categories":[19],"tags":[12805,89,13954,13955,90,13953,35,39,38,36,37,34,270,40],"class_list":{"0":"post-50918","1":"post","2":"type-post","3":"status-publish","4":"format-standard","5":"has-post-thumbnail","7":"category-izklaide","8":"tag-adriana-miglane","9":"tag-entertainment","10":"tag-gunars-jakobsons","11":"tag-ivars-cinkuss","12":"tag-izklaide","13":"tag-kaspars-cipruss","14":"tag-latvia","15":"tag-latvian","16":"tag-latviesu","17":"tag-latviesu-valoda","18":"tag-latviesuvaloda","19":"tag-latvija","20":"tag-latvijas-sovbizness","21":"tag-lv"},"share_on_mastodon":{"url":"https:\/\/pubeurope.com\/@lv\/115559867528147655","error":""},"_links":{"self":[{"href":"https:\/\/www.europesays.com\/lv\/wp-json\/wp\/v2\/posts\/50918","targetHints":{"allow":["GET"]}}],"collection":[{"href":"https:\/\/www.europesays.com\/lv\/wp-json\/wp\/v2\/posts"}],"about":[{"href":"https:\/\/www.europesays.com\/lv\/wp-json\/wp\/v2\/types\/post"}],"author":[{"embeddable":true,"href":"https:\/\/www.europesays.com\/lv\/wp-json\/wp\/v2\/users\/2"}],"replies":[{"embeddable":true,"href":"https:\/\/www.europesays.com\/lv\/wp-json\/wp\/v2\/comments?post=50918"}],"version-history":[{"count":0,"href":"https:\/\/www.europesays.com\/lv\/wp-json\/wp\/v2\/posts\/50918\/revisions"}],"wp:featuredmedia":[{"embeddable":true,"href":"https:\/\/www.europesays.com\/lv\/wp-json\/wp\/v2\/media\/50919"}],"wp:attachment":[{"href":"https:\/\/www.europesays.com\/lv\/wp-json\/wp\/v2\/media?parent=50918"}],"wp:term":[{"taxonomy":"category","embeddable":true,"href":"https:\/\/www.europesays.com\/lv\/wp-json\/wp\/v2\/categories?post=50918"},{"taxonomy":"post_tag","embeddable":true,"href":"https:\/\/www.europesays.com\/lv\/wp-json\/wp\/v2\/tags?post=50918"}],"curies":[{"name":"wp","href":"https:\/\/api.w.org\/{rel}","templated":true}]}}