{"id":50927,"date":"2025-11-16T14:41:22","date_gmt":"2025-11-16T14:41:22","guid":{"rendered":"https:\/\/www.europesays.com\/lv\/50927\/"},"modified":"2025-11-16T14:41:22","modified_gmt":"2025-11-16T14:41:22","slug":"foto-un-video-%e2%9f%a9-makslinieki-no-francijas-parsteidz-ar-iespejams-krasnako-festivala-staro-riga-objektu","status":"publish","type":"post","link":"https:\/\/www.europesays.com\/lv\/50927\/","title":{"rendered":"FOTO UN VIDEO \u27e9 M\u0101kslinieki no Francijas p\u0101rsteidz ar, iesp\u0113jams, kr\u0101\u0161\u0146\u0101ko festiv\u0101la \u201cStaro R\u012bga\u201d objektu"},"content":{"rendered":"<p>\u201cTie ir t\u0101di milz\u012bgi lidojo\u0161i objekti, un katram ir iesp\u0113ja pa\u0161am izt\u0113loties, kas tas \u012bsti ir. Putns am\u0113ba vai valis,\u201d festiv\u0101la darbu raksturo <a href=\"https:\/\/sejas.tvnet.lv\/term\/715423\/tv3-zinas\" class=\"topicLink\" target=\"_blank\" rel=\"nofollow noopener\">TV3 Zi\u0146as<\/a> \u017eurn\u0101lists J\u0101nis Zv\u0113rs. Objekti ir veidoti no auduma, ko izmanto ar\u012b izplet\u0146iem, un ir piepild\u012bti ar h\u0113liju.<\/p>\n<p>Gais\u0101 tie veic piruetes un m\u016bzikas pavad\u012bb\u0101 rada \u013coti ma\u0123isku iespaidu. Kopum\u0101 R\u012bg\u0101 ir apl\u016bkojami 40 <a href=\"https:\/\/sejas.tvnet.lv\/term\/673767\/gaismas-objekti\" class=\"topicLink\" target=\"_blank\" rel=\"nofollow noopener\">gaismas objekti<\/a>, ar\u012b P\u0101rdaugav\u0101, pie Gaismas pils, centr\u0101 un ar\u012b t\u0101l\u0101k \u2013 Miera iel\u0101. \u201cTas, kas j\u0101atceras, laiks ir diezgan dzestrs. Ejot baud\u012bt festiv\u0101lu, l\u012bdzi j\u0101pa\u0146em silti cimdi, \u0161alle, cepure, varb\u016bt ar\u012b k\u0101ds termoss ar siltu t\u0113ju,\u201d iesaka festiv\u0101lu apmekl\u0113ju\u0161ais TV3 Zi\u0146as \u017eurn\u0101lists J\u0101nis Zv\u0113rs.<\/p>\n<p>Gaismas festiv\u0101ls &#8220;Staro <a href=\"https:\/\/sejas.tvnet.lv\/term\/89749\/riga\" class=\"topicLink\" target=\"_blank\" rel=\"nofollow noopener\">R\u012bga<\/a> 2025&#8243;<\/p>\n","protected":false},"excerpt":{"rendered":"\u201cTie ir t\u0101di milz\u012bgi lidojo\u0161i objekti, un katram ir iesp\u0113ja pa\u0161am izt\u0113loties, kas tas \u012bsti ir. Putns am\u0113ba&hellip;\n","protected":false},"author":2,"featured_media":50278,"comment_status":"","ping_status":"","sticky":false,"template":"","format":"standard","meta":{"footnotes":""},"categories":[14],"tags":[23,57,28,29,32,33,13063,13956,22,30,31,35,39,38,36,37,34,40,20,26,27,172,12888,13958,24,25,13957,54,55,56,21,58],"class_list":{"0":"post-50927","1":"post","2":"type-post","3":"status-publish","4":"format-standard","5":"has-post-thumbnail","7":"category-zinas-no-arvalstim","8":"tag-aktualitates","9":"tag-arvalstim","10":"tag-breaking-news","11":"tag-breakingnews","12":"tag-featured-news","13":"tag-featurednews","14":"tag-gaismas-festivals","15":"tag-gaismas-objekti","16":"tag-headlines","17":"tag-latest-news","18":"tag-latestnews","19":"tag-latvia","20":"tag-latvian","21":"tag-latviesu","22":"tag-latviesu-valoda","23":"tag-latviesuvaloda","24":"tag-latvija","25":"tag-lv","26":"tag-news","27":"tag-popularakas-zinas","28":"tag-popularakaszinas","29":"tag-riga","30":"tag-staro-riga","31":"tag-staro-riga-2025","32":"tag-top-stories","33":"tag-topstories","34":"tag-tv3-zinas","35":"tag-world","36":"tag-world-news","37":"tag-worldnews","38":"tag-zinas","39":"tag-zinas-no-arvalstim"},"share_on_mastodon":{"url":"","error":"Validation failed: Text character limit of 500 exceeded"},"_links":{"self":[{"href":"https:\/\/www.europesays.com\/lv\/wp-json\/wp\/v2\/posts\/50927","targetHints":{"allow":["GET"]}}],"collection":[{"href":"https:\/\/www.europesays.com\/lv\/wp-json\/wp\/v2\/posts"}],"about":[{"href":"https:\/\/www.europesays.com\/lv\/wp-json\/wp\/v2\/types\/post"}],"author":[{"embeddable":true,"href":"https:\/\/www.europesays.com\/lv\/wp-json\/wp\/v2\/users\/2"}],"replies":[{"embeddable":true,"href":"https:\/\/www.europesays.com\/lv\/wp-json\/wp\/v2\/comments?post=50927"}],"version-history":[{"count":0,"href":"https:\/\/www.europesays.com\/lv\/wp-json\/wp\/v2\/posts\/50927\/revisions"}],"wp:featuredmedia":[{"embeddable":true,"href":"https:\/\/www.europesays.com\/lv\/wp-json\/wp\/v2\/media\/50278"}],"wp:attachment":[{"href":"https:\/\/www.europesays.com\/lv\/wp-json\/wp\/v2\/media?parent=50927"}],"wp:term":[{"taxonomy":"category","embeddable":true,"href":"https:\/\/www.europesays.com\/lv\/wp-json\/wp\/v2\/categories?post=50927"},{"taxonomy":"post_tag","embeddable":true,"href":"https:\/\/www.europesays.com\/lv\/wp-json\/wp\/v2\/tags?post=50927"}],"curies":[{"name":"wp","href":"https:\/\/api.w.org\/{rel}","templated":true}]}}