{"id":50941,"date":"2025-11-16T14:53:21","date_gmt":"2025-11-16T14:53:21","guid":{"rendered":"https:\/\/www.europesays.com\/lv\/50941\/"},"modified":"2025-11-16T14:53:21","modified_gmt":"2025-11-16T14:53:21","slug":"lielbritanija-nelegalie-imigranti-pastavigas-uzturesanas-atlauju-vares-sanemt-pec-20-gadiem","status":"publish","type":"post","link":"https:\/\/www.europesays.com\/lv\/50941\/","title":{"rendered":"Lielbrit\u0101nij\u0101 neleg\u0101lie imigranti past\u0101v\u012bg\u0101s uztur\u0113\u0161an\u0101s at\u013cauju var\u0113s sa\u0146emt p\u0113c 20 gadiem"},"content":{"rendered":"<p>Lielbrit\u0101nijas iek\u0161lietu ministre \u0160abana Mahmuda pirmdien pl\u0101no parlament\u0101 izkl\u0101st\u012bt imigr\u0101cijas reformu pl\u0101nu, kas paredz, ka neleg\u0101lie imigranti beztermi\u0146a uztur\u0113\u0161an\u0101s at\u013cauju var\u0113s piepras\u012bt ne agr\u0101k k\u0101 20 gadus p\u0113c iera\u0161an\u0101s valst\u012b.<\/p>\n<p>\u0160\u0101ds termi\u0146\u0161 tiks noteikts patv\u0113ruma mekl\u0113t\u0101jiem, kas valst\u012b iece\u013coju\u0161i neleg\u0101li, piem\u0113ram, laiv\u0101s vai kravas automa\u0161\u012bn\u0101s, k\u0101 ar\u012b tiem, kuri ir p\u0101rsniegu\u0161i v\u012bzas der\u012bguma termi\u0146u un p\u0113c tam piepras\u012bju\u0161i patv\u0113rumu. Jaunajos noteikumos b\u016bs paredz\u0113ti atvieglojumi &#8220;kvalific\u0113tiem b\u0113g\u013ciem&#8221;, kas \u013cauj sa\u012bsin\u0101t 20 gadu periodu, ja vi\u0146i str\u0101d\u0101s \u012bpa\u0161i noteiktu kvalific\u0113tu darbu.<\/p>\n<p class=\"m-0\">Seko &#8220;Delfi&#8221; ar\u012b  <a target=\"_blank\" href=\"https:\/\/www.instagram.com\/delfi.lv\/\" rel=\"nofollow noopener\">Instagram<\/a>  un <a target=\"_blank\" href=\"https:\/\/www.youtube.com\/channel\/UCw5foWtcJvAbUm64rv7jwUQ\" rel=\"nofollow noopener\">YouTube<\/a>  profil\u0101 \u2013 pievienojies, lai uzzin\u0101tu svar\u012bg\u0101ko un interesant\u0101ko pirmais!<\/p>\n<p>Publik\u0101cijas saturs vai t\u0101s jebk\u0101da apjoma da\u013ca ir aizsarg\u0101ts autorties\u012bbu objekts Autorties\u012bbu likuma izpratn\u0113, un t\u0101 izmanto\u0161ana bez izdev\u0113ja at\u013caujas ir aizliegta. Vair\u0101k lasi  <a target=\"_blank\" href=\"https:\/\/www.delfi.lv\/noteikumi#autortiesibas\" rel=\"nofollow noopener\">\u0161eit<\/a><script async src=\"\/\/www.instagram.com\/embed.js\"><\/script><\/p>\n","protected":false},"excerpt":{"rendered":"Lielbrit\u0101nijas iek\u0161lietu ministre \u0160abana Mahmuda pirmdien pl\u0101no parlament\u0101 izkl\u0101st\u012bt imigr\u0101cijas reformu pl\u0101nu, kas paredz, ka neleg\u0101lie imigranti beztermi\u0146a&hellip;\n","protected":false},"author":2,"featured_media":50942,"comment_status":"","ping_status":"","sticky":false,"template":"","format":"standard","meta":{"footnotes":""},"categories":[14],"tags":[23,57,7974,28,29,32,33,22,9995,30,31,35,39,38,36,37,34,40,7957,20,26,27,24,25,54,55,56,21,58],"class_list":{"0":"post-50941","1":"post","2":"type-post","3":"status-publish","4":"format-standard","5":"has-post-thumbnail","7":"category-zinas-no-arvalstim","8":"tag-aktualitates","9":"tag-arvalstim","10":"tag-begli","11":"tag-breaking-news","12":"tag-breakingnews","13":"tag-featured-news","14":"tag-featurednews","15":"tag-headlines","16":"tag-imigracija","17":"tag-latest-news","18":"tag-latestnews","19":"tag-latvia","20":"tag-latvian","21":"tag-latviesu","22":"tag-latviesu-valoda","23":"tag-latviesuvaloda","24":"tag-latvija","25":"tag-lv","26":"tag-migracija","27":"tag-news","28":"tag-popularakas-zinas","29":"tag-popularakaszinas","30":"tag-top-stories","31":"tag-topstories","32":"tag-world","33":"tag-world-news","34":"tag-worldnews","35":"tag-zinas","36":"tag-zinas-no-arvalstim"},"share_on_mastodon":{"url":"https:\/\/pubeurope.com\/@lv\/115559950197725850","error":""},"_links":{"self":[{"href":"https:\/\/www.europesays.com\/lv\/wp-json\/wp\/v2\/posts\/50941","targetHints":{"allow":["GET"]}}],"collection":[{"href":"https:\/\/www.europesays.com\/lv\/wp-json\/wp\/v2\/posts"}],"about":[{"href":"https:\/\/www.europesays.com\/lv\/wp-json\/wp\/v2\/types\/post"}],"author":[{"embeddable":true,"href":"https:\/\/www.europesays.com\/lv\/wp-json\/wp\/v2\/users\/2"}],"replies":[{"embeddable":true,"href":"https:\/\/www.europesays.com\/lv\/wp-json\/wp\/v2\/comments?post=50941"}],"version-history":[{"count":0,"href":"https:\/\/www.europesays.com\/lv\/wp-json\/wp\/v2\/posts\/50941\/revisions"}],"wp:featuredmedia":[{"embeddable":true,"href":"https:\/\/www.europesays.com\/lv\/wp-json\/wp\/v2\/media\/50942"}],"wp:attachment":[{"href":"https:\/\/www.europesays.com\/lv\/wp-json\/wp\/v2\/media?parent=50941"}],"wp:term":[{"taxonomy":"category","embeddable":true,"href":"https:\/\/www.europesays.com\/lv\/wp-json\/wp\/v2\/categories?post=50941"},{"taxonomy":"post_tag","embeddable":true,"href":"https:\/\/www.europesays.com\/lv\/wp-json\/wp\/v2\/tags?post=50941"}],"curies":[{"name":"wp","href":"https:\/\/api.w.org\/{rel}","templated":true}]}}