{"id":50943,"date":"2025-11-16T14:54:22","date_gmt":"2025-11-16T14:54:22","guid":{"rendered":"https:\/\/www.europesays.com\/lv\/50943\/"},"modified":"2025-11-16T14:54:22","modified_gmt":"2025-11-16T14:54:22","slug":"atrasts-valsts-policijas-mekletais-jevgenijs-vorobjovs","status":"publish","type":"post","link":"https:\/\/www.europesays.com\/lv\/50943\/","title":{"rendered":"Atrasts Valsts policijas mekl\u0113tais Jevg\u0113nijs Vorobjovs"},"content":{"rendered":"<p>Valsts policija sestdienas p\u0113cpusdien\u0101 inform\u0113ja, ka ir atrasts bezv\u0113sts promb\u016btn\u0113 kop\u0161 9.novembra biju\u0161ais Jevg\u0113nijs Vorobjovs.<\/p>\n<p>12.novembr\u012b likumsargi pav\u0113st\u012bja, ka Valsts policijas R\u012bgas re\u0123iona p\u0101rvaldes J\u016brmalas iecirk\u0146a amatpersonas mekl\u0113 bezv\u0113sts promb\u016btn\u0113 eso\u0161o 1962. gad\u0101 dzimu\u0161o Jevg\u0113niju Vorobjovu, kur\u0161 9. novembr\u012b dev\u0101s no Jaunm\u0101rupes uz J\u016brmalu pie radiniekiem.<\/p>\n<p>Vi\u0146\u0161 p\u0113d\u0113jo reizi bija man\u012bts J\u016brmal\u0101, Nomet\u0146u ielas apk\u0101rtn\u0113. V\u012brietim bija paredz\u0113ts ar autobusu doties no Kauguriem uz R\u012bgu, bet p\u0113c tam uz Jaunm\u0101rupi.<\/p>\n","protected":false},"excerpt":{"rendered":"Valsts policija sestdienas p\u0113cpusdien\u0101 inform\u0113ja, ka ir atrasts bezv\u0113sts promb\u016btn\u0113 kop\u0161 9.novembra biju\u0161ais Jevg\u0113nijs Vorobjovs. 12.novembr\u012b likumsargi pav\u0113st\u012bja,&hellip;\n","protected":false},"author":2,"featured_media":50944,"comment_status":"","ping_status":"","sticky":false,"template":"","format":"standard","meta":{"footnotes":""},"categories":[12],"tags":[23,28,29,47,32,33,22,381,64,30,31,35,39,38,36,37,34,40,20,385,26,27,172,382,384,383,24,25,21],"class_list":{"0":"post-50943","1":"post","2":"type-post","3":"status-publish","4":"format-standard","5":"has-post-thumbnail","7":"category-latvija","8":"tag-aktualitates","9":"tag-breaking-news","10":"tag-breakingnews","11":"tag-ekonomika","12":"tag-featured-news","13":"tag-featurednews","14":"tag-headlines","15":"tag-jaunumi","16":"tag-kultura","17":"tag-latest-news","18":"tag-latestnews","19":"tag-latvia","20":"tag-latvian","21":"tag-latviesu","22":"tag-latviesu-valoda","23":"tag-latviesuvaloda","24":"tag-latvija","25":"tag-lv","26":"tag-news","27":"tag-pieriga","28":"tag-popularakas-zinas","29":"tag-popularakaszinas","30":"tag-riga","31":"tag-sabiedriba","32":"tag-sludinajumi","33":"tag-sports-afisa","34":"tag-top-stories","35":"tag-topstories","36":"tag-zinas"},"share_on_mastodon":{"url":"https:\/\/pubeurope.com\/@lv\/115559954067773195","error":""},"_links":{"self":[{"href":"https:\/\/www.europesays.com\/lv\/wp-json\/wp\/v2\/posts\/50943","targetHints":{"allow":["GET"]}}],"collection":[{"href":"https:\/\/www.europesays.com\/lv\/wp-json\/wp\/v2\/posts"}],"about":[{"href":"https:\/\/www.europesays.com\/lv\/wp-json\/wp\/v2\/types\/post"}],"author":[{"embeddable":true,"href":"https:\/\/www.europesays.com\/lv\/wp-json\/wp\/v2\/users\/2"}],"replies":[{"embeddable":true,"href":"https:\/\/www.europesays.com\/lv\/wp-json\/wp\/v2\/comments?post=50943"}],"version-history":[{"count":0,"href":"https:\/\/www.europesays.com\/lv\/wp-json\/wp\/v2\/posts\/50943\/revisions"}],"wp:featuredmedia":[{"embeddable":true,"href":"https:\/\/www.europesays.com\/lv\/wp-json\/wp\/v2\/media\/50944"}],"wp:attachment":[{"href":"https:\/\/www.europesays.com\/lv\/wp-json\/wp\/v2\/media?parent=50943"}],"wp:term":[{"taxonomy":"category","embeddable":true,"href":"https:\/\/www.europesays.com\/lv\/wp-json\/wp\/v2\/categories?post=50943"},{"taxonomy":"post_tag","embeddable":true,"href":"https:\/\/www.europesays.com\/lv\/wp-json\/wp\/v2\/tags?post=50943"}],"curies":[{"name":"wp","href":"https:\/\/api.w.org\/{rel}","templated":true}]}}