{"id":50974,"date":"2025-11-16T15:29:08","date_gmt":"2025-11-16T15:29:08","guid":{"rendered":"https:\/\/www.europesays.com\/lv\/50974\/"},"modified":"2025-11-16T15:29:08","modified_gmt":"2025-11-16T15:29:08","slug":"lielbritanija-pastavigas-uzturesanas-atlauju-nelegalie-imigranti-vares-sanemt-pec-20-gadiem","status":"publish","type":"post","link":"https:\/\/www.europesays.com\/lv\/50974\/","title":{"rendered":"Lielbrit\u0101nij\u0101 past\u0101v\u012bg\u0101s uztur\u0113\u0161an\u0101s at\u013cauju neleg\u0101lie imigranti var\u0113s sa\u0146emt p\u0113c 20 gadiem"},"content":{"rendered":"<p>\u0160\u0101ds termi\u0146\u0161 tiks noteikts patv\u0113ruma mekl\u0113t\u0101jiem, kas valst\u012b iece\u013coju\u0161i neleg\u0101li, piem\u0113ram, laiv\u0101s vai kravas automa\u0161\u012bn\u0101s, k\u0101 ar\u012b tiem, kuri ir p\u0101rsniegu\u0161i v\u012bzas der\u012bguma termi\u0146u un p\u0113c tam piepras\u012bju\u0161i patv\u0113rumu. Jaunajos noteikumos b\u016bs paredz\u0113ti atvieglojumi &#8220;kvalific\u0113tiem b\u0113g\u013ciem&#8221;, kas \u013cauj sa\u012bsin\u0101t 20 gadu periodu, ja vi\u0146i str\u0101d\u0101s \u012bpa\u0161i noteiktu kvalific\u0113tu darbu.<\/p>\n<p>Tiem, kas valst\u012b ierad\u012bsies likum\u012bgi, b\u016bs noteikts desmit gadu termi\u0146\u0161 past\u0101v\u012bgas uztur\u0113\u0161an\u0101s at\u013caujas sa\u0146em\u0161anai saska\u0146\u0101 ar jaunaj\u0101m \u012bpa\u0161aj\u0101m b\u0113g\u013cu p\u0101rvieto\u0161anas programm\u0101m.<\/p>\n<p>Tagad b\u0113g\u013ca statuss ir sp\u0113k\u0101 piecus gadus, un p\u0113c tam var pieteikties past\u0101v\u012bg\u0101s uztur\u0113\u0161an\u0101s at\u013caujas sa\u0146em\u0161anai. Pl\u0101nots, ka atbilsto\u0161i jaunajiem noteikumiem b\u0113g\u013ca statuss b\u016bs sp\u0113k\u0101 divarpus gadus, bet p\u0113c tam statuss tiks regul\u0101ri p\u0101rskat\u012bts. Ja izcelsmes valsts tiks atz\u012bta par dro\u0161u, b\u0113g\u013ci tiks nos\u016bt\u012bti m\u0101j\u0101s.<\/p>\n<p>Mahmuda \u017eurn\u0101listiem sac\u012bja, ka jaunie noteikumi &#8220;b\u016bt\u012bb\u0101 ir izstr\u0101d\u0101ti, lai cilv\u0113kiem pateiktu &#8211; nebrauciet uz \u0161o valsti k\u0101 neleg\u0101lie migranti, nebrauciet ar laiv\u0101m&#8221;.<\/p>\n<p>&#8220;Uzskatu, ka ir svar\u012bgi nos\u016bt\u012bt \u013coti skaidru v\u0113st\u012bjumu tiem, kas tagad \u0161\u0137\u0113rso vair\u0101kas dro\u0161as valstis Eirop\u0101, lai nok\u013c\u016btu uz laivas Francijas zieme\u013cos &#8211; \u0161is ce\u013cojums nav t\u0101 v\u0113rts,&#8221; vi\u0146a piebilda.<\/p>\n","protected":false},"excerpt":{"rendered":"\u0160\u0101ds termi\u0146\u0161 tiks noteikts patv\u0113ruma mekl\u0113t\u0101jiem, kas valst\u012b iece\u013coju\u0161i neleg\u0101li, piem\u0113ram, laiv\u0101s vai kravas automa\u0161\u012bn\u0101s, k\u0101 ar\u012b tiem,&hellip;\n","protected":false},"author":2,"featured_media":50975,"comment_status":"","ping_status":"","sticky":false,"template":"","format":"standard","meta":{"footnotes":""},"categories":[14],"tags":[23,57,28,29,32,33,22,1910,30,31,35,39,38,36,37,34,487,40,20,26,27,13964,24,25,54,55,56,21,58],"class_list":{"0":"post-50974","1":"post","2":"type-post","3":"status-publish","4":"format-standard","5":"has-post-thumbnail","7":"category-zinas-no-arvalstim","8":"tag-aktualitates","9":"tag-arvalstim","10":"tag-breaking-news","11":"tag-breakingnews","12":"tag-featured-news","13":"tag-featurednews","14":"tag-headlines","15":"tag-imigranti","16":"tag-latest-news","17":"tag-latestnews","18":"tag-latvia","19":"tag-latvian","20":"tag-latviesu","21":"tag-latviesu-valoda","22":"tag-latviesuvaloda","23":"tag-latvija","24":"tag-lielbritanija","25":"tag-lv","26":"tag-news","27":"tag-popularakas-zinas","28":"tag-popularakaszinas","29":"tag-sabana-mahmuda","30":"tag-top-stories","31":"tag-topstories","32":"tag-world","33":"tag-world-news","34":"tag-worldnews","35":"tag-zinas","36":"tag-zinas-no-arvalstim"},"share_on_mastodon":{"url":"https:\/\/pubeurope.com\/@lv\/115560091666609870","error":""},"_links":{"self":[{"href":"https:\/\/www.europesays.com\/lv\/wp-json\/wp\/v2\/posts\/50974","targetHints":{"allow":["GET"]}}],"collection":[{"href":"https:\/\/www.europesays.com\/lv\/wp-json\/wp\/v2\/posts"}],"about":[{"href":"https:\/\/www.europesays.com\/lv\/wp-json\/wp\/v2\/types\/post"}],"author":[{"embeddable":true,"href":"https:\/\/www.europesays.com\/lv\/wp-json\/wp\/v2\/users\/2"}],"replies":[{"embeddable":true,"href":"https:\/\/www.europesays.com\/lv\/wp-json\/wp\/v2\/comments?post=50974"}],"version-history":[{"count":0,"href":"https:\/\/www.europesays.com\/lv\/wp-json\/wp\/v2\/posts\/50974\/revisions"}],"wp:featuredmedia":[{"embeddable":true,"href":"https:\/\/www.europesays.com\/lv\/wp-json\/wp\/v2\/media\/50975"}],"wp:attachment":[{"href":"https:\/\/www.europesays.com\/lv\/wp-json\/wp\/v2\/media?parent=50974"}],"wp:term":[{"taxonomy":"category","embeddable":true,"href":"https:\/\/www.europesays.com\/lv\/wp-json\/wp\/v2\/categories?post=50974"},{"taxonomy":"post_tag","embeddable":true,"href":"https:\/\/www.europesays.com\/lv\/wp-json\/wp\/v2\/tags?post=50974"}],"curies":[{"name":"wp","href":"https:\/\/api.w.org\/{rel}","templated":true}]}}