{"id":50992,"date":"2025-11-16T15:48:07","date_gmt":"2025-11-16T15:48:07","guid":{"rendered":"https:\/\/www.europesays.com\/lv\/50992\/"},"modified":"2025-11-16T15:48:07","modified_gmt":"2025-11-16T15:48:07","slug":"nakti-vietam-latvija-veidosies-sniega-karta-un-ari-pirmdien-daudzviet-gaidami-nokrisni","status":"publish","type":"post","link":"https:\/\/www.europesays.com\/lv\/50992\/","title":{"rendered":"Nakt\u012b viet\u0101m Latvij\u0101 veidosies sniega k\u0101rta un ar\u012b pirmdien daudzviet gaid\u0101mi nokri\u0161\u0146i"},"content":{"rendered":"<p>Nakt\u012b debesis b\u016bs liel\u0101koties m\u0101ko\u0146ainas. Nakts pirmaj\u0101 pus\u0113 lietus un slapj\u0161 sniegs pamat\u0101 gaid\u0101ms da\u017eviet valsts zieme\u013caustrumos, bet nakts vid\u016b Latvijas dienvidaustrumus s\u0101ks \u0161\u0137\u0113rsot pla\u0161\u0101ka sniega m\u0101ko\u0146u zona un viet\u0101m veidosies tr\u012bs l\u012bdz piecus centimetrus bieza sniega sega. Atsevi\u0161\u0137os posmos uz ce\u013ciem veidosies apledojums.<\/p>\n<p>P\u016bt\u012bs l\u0113ns l\u012bdz m\u0113rens dienvidu puses v\u0113j\u0161. Minim\u0101l\u0101 gaisa temperat\u016bra b\u016bs -2, +2 gr\u0101du robe\u017e\u0101s. Nakts otraj\u0101 pus\u0113 viet\u0101m rietumos veidosies migla.<\/p>\n<p>Galvaspils\u0113t\u0101 nakts ies\u0101ksies ar da\u013c\u0113ji m\u0101ko\u0146ainu laiku, debesis pak\u0101peniski arvien vair\u0101k aizkl\u0101s m\u0101ko\u0146i, bet nokri\u0161\u0146i nav gaid\u0101mi. P\u016bt\u012bs l\u0113ns dienvidu v\u0113j\u0161, un minim\u0101l\u0101 gaisa temperat\u016bra b\u016bs ap nulli.<\/p>\n<p>Dien\u0101 Latvij\u0101 gaid\u0101ms m\u0101ko\u0146ains laiks, tom\u0113r viet\u0101m debesis skaidrosies. Daudzviet gaid\u0101mi nokri\u0161\u0146i &#8211; lietus un slapj\u0161 sniegs. Atsevi\u0161\u0137os posmos uz ce\u013ciem gaid\u0101ms apledojums.<\/p>\n<p>P\u016bt\u012bs l\u0113ns l\u012bdz m\u0113rens dienvidu puses v\u0113j\u0161, j\u016bras piekrast\u0113 v\u0113j\u0161 p\u016bt\u012bs m\u0113reni no rietumiem, zieme\u013crietumiem un p\u0113cpusdien\u0101 br\u0101zm\u0101s pastiprin\u0101sies l\u012bdz 15-18 metriem sekund\u0113. Maksim\u0101l\u0101 gaisa temperat\u016bra b\u016bs 0, +5 gr\u0101du robe\u017e\u0101s, bet viet\u0101m j\u016bras piekrast\u0113 gaiss iesils l\u012bdz +7 gr\u0101diem.<\/p>\n<p>R\u012bg\u0101 diena b\u016bs liel\u0101koties m\u0101ko\u0146aina, p\u0113cpusdien\u0101 gaid\u0101ms \u012bslaic\u012bgs lietus un slapj\u0161 sniegs. P\u016bt\u012bs l\u0113ns l\u012bdz m\u0113rens dienvidu puses v\u0113j\u0161, un gaiss iesils l\u012bdz +2, +3 gr\u0101diem.<\/p>\n","protected":false},"excerpt":{"rendered":"Nakt\u012b debesis b\u016bs liel\u0101koties m\u0101ko\u0146ainas. Nakts pirmaj\u0101 pus\u0113 lietus un slapj\u0161 sniegs pamat\u0101 gaid\u0101ms da\u017eviet valsts zieme\u013caustrumos, bet&hellip;\n","protected":false},"author":2,"featured_media":50993,"comment_status":"","ping_status":"","sticky":false,"template":"","format":"standard","meta":{"footnotes":""},"categories":[12],"tags":[23,28,29,32,33,22,396,397,30,31,35,39,38,36,37,34,40,20,26,27,24,25,21],"class_list":{"0":"post-50992","1":"post","2":"type-post","3":"status-publish","4":"format-standard","5":"has-post-thumbnail","7":"category-latvija","8":"tag-aktualitates","9":"tag-breaking-news","10":"tag-breakingnews","11":"tag-featured-news","12":"tag-featurednews","13":"tag-headlines","14":"tag-laika-zinas","15":"tag-laikapstakli","16":"tag-latest-news","17":"tag-latestnews","18":"tag-latvia","19":"tag-latvian","20":"tag-latviesu","21":"tag-latviesu-valoda","22":"tag-latviesuvaloda","23":"tag-latvija","24":"tag-lv","25":"tag-news","26":"tag-popularakas-zinas","27":"tag-popularakaszinas","28":"tag-top-stories","29":"tag-topstories","30":"tag-zinas"},"share_on_mastodon":{"url":"https:\/\/pubeurope.com\/@lv\/115560166436225283","error":""},"_links":{"self":[{"href":"https:\/\/www.europesays.com\/lv\/wp-json\/wp\/v2\/posts\/50992","targetHints":{"allow":["GET"]}}],"collection":[{"href":"https:\/\/www.europesays.com\/lv\/wp-json\/wp\/v2\/posts"}],"about":[{"href":"https:\/\/www.europesays.com\/lv\/wp-json\/wp\/v2\/types\/post"}],"author":[{"embeddable":true,"href":"https:\/\/www.europesays.com\/lv\/wp-json\/wp\/v2\/users\/2"}],"replies":[{"embeddable":true,"href":"https:\/\/www.europesays.com\/lv\/wp-json\/wp\/v2\/comments?post=50992"}],"version-history":[{"count":0,"href":"https:\/\/www.europesays.com\/lv\/wp-json\/wp\/v2\/posts\/50992\/revisions"}],"wp:featuredmedia":[{"embeddable":true,"href":"https:\/\/www.europesays.com\/lv\/wp-json\/wp\/v2\/media\/50993"}],"wp:attachment":[{"href":"https:\/\/www.europesays.com\/lv\/wp-json\/wp\/v2\/media?parent=50992"}],"wp:term":[{"taxonomy":"category","embeddable":true,"href":"https:\/\/www.europesays.com\/lv\/wp-json\/wp\/v2\/categories?post=50992"},{"taxonomy":"post_tag","embeddable":true,"href":"https:\/\/www.europesays.com\/lv\/wp-json\/wp\/v2\/tags?post=50992"}],"curies":[{"name":"wp","href":"https:\/\/api.w.org\/{rel}","templated":true}]}}