{"id":50999,"date":"2025-11-16T15:54:08","date_gmt":"2025-11-16T15:54:08","guid":{"rendered":"https:\/\/www.europesays.com\/lv\/50999\/"},"modified":"2025-11-16T15:54:08","modified_gmt":"2025-11-16T15:54:08","slug":"svetdien-latvija-domines-makonais-laiks-vietam-islaicigi-lis","status":"publish","type":"post","link":"https:\/\/www.europesays.com\/lv\/50999\/","title":{"rendered":"Sv\u0113tdien Latvij\u0101 domin\u0113s m\u0101ko\u0146ais laiks; viet\u0101m \u012bslaic\u012bgi l\u012bs"},"content":{"rendered":"<p>Sv\u0113tdiena Latvij\u0101 gaid\u0101ma m\u0101ko\u0146aina un dr\u0113gna, prognoz\u0113 Latvijas Vides, \u0123eolo\u0123ijas un meteorolo\u0123ijas centrs.<\/p>\n<p>Dien\u0101 debesis Latvij\u0101 p\u0101rsvar\u0101 kl\u0101s m\u0101ko\u0146i, tom\u0113r viet\u0101m starp tiem izsprauksies ar\u012b saules stari. Viet\u0101m, p\u0101rsvar\u0101 valsts zieme\u013crietumu rajonos, gaid\u0101mi \u012bslaic\u012bgi nokri\u0161\u0146i &#8211; lietus vai slapj\u0161 sniegs. Atsevi\u0161\u0137os posmos uz ce\u013ciem turpin\u0101s veidoties neliels apledojums.<\/p>\n<p>Maksim\u0101l\u0101 gaisa temperat\u016bra b\u016bs +2, +7 gr\u0101di, bet austrumu rajonos gaiss iesils tikai l\u012bdz 0, +2 gr\u0101diem. P\u016bt\u012bs l\u0113ns l\u012bdz m\u0113rens dienvidrietumu, dienvidu v\u0113j\u0161, kas r\u012bta stund\u0101s piekrast\u0113 v\u0113l saglab\u0101sies br\u0101zmains.<\/p>\n<p>R\u012bg\u0101 diena b\u016bs liel\u0101koties m\u0101ko\u0146aina, tom\u0113r iev\u0113rojami nokri\u0161\u0146i nav gaid\u0101mi. P\u016bt\u012bs l\u0113ns l\u012bdz m\u0113rens dienvidrietumu, dienvidu v\u0113j\u0161. Gaisa temperat\u016bra neb\u016bs augst\u0101ka par +2, +3 gr\u0101diem p\u0113c Celsija.<\/p>\n<p><\/p>\n","protected":false},"excerpt":{"rendered":"Sv\u0113tdiena Latvij\u0101 gaid\u0101ma m\u0101ko\u0146aina un dr\u0113gna, prognoz\u0113 Latvijas Vides, \u0123eolo\u0123ijas un meteorolo\u0123ijas centrs. Dien\u0101 debesis Latvij\u0101 p\u0101rsvar\u0101 kl\u0101s&hellip;\n","protected":false},"author":2,"featured_media":51000,"comment_status":"","ping_status":"","sticky":false,"template":"","format":"standard","meta":{"footnotes":""},"categories":[12],"tags":[129,1395,3333,4277,23,28,29,32,33,22,30,31,35,39,38,36,37,34,40,20,26,27,3334,4278,3179,3335,4279,3180,24,25,21],"class_list":{"0":"post-50999","1":"post","2":"type-post","3":"status-publish","4":"format-standard","5":"has-post-thumbnail","7":"category-latvija","8":"tag-__typenameadvicekeyword","9":"tag-id408","10":"tag-id563","11":"tag-id876","12":"tag-aktualitates","13":"tag-breaking-news","14":"tag-breakingnews","15":"tag-featured-news","16":"tag-featurednews","17":"tag-headlines","18":"tag-latest-news","19":"tag-latestnews","20":"tag-latvia","21":"tag-latvian","22":"tag-latviesu","23":"tag-latviesu-valoda","24":"tag-latviesuvaloda","25":"tag-latvija","26":"tag-lv","27":"tag-news","28":"tag-popularakas-zinas","29":"tag-popularakaszinas","30":"tag-sluglaika-zina","31":"tag-slugriga","32":"tag-slugweather","33":"tag-titlelaika-zina","34":"tag-titleriga","35":"tag-titleweather","36":"tag-top-stories","37":"tag-topstories","38":"tag-zinas"},"share_on_mastodon":{"url":"https:\/\/pubeurope.com\/@lv\/115560190103580458","error":""},"_links":{"self":[{"href":"https:\/\/www.europesays.com\/lv\/wp-json\/wp\/v2\/posts\/50999","targetHints":{"allow":["GET"]}}],"collection":[{"href":"https:\/\/www.europesays.com\/lv\/wp-json\/wp\/v2\/posts"}],"about":[{"href":"https:\/\/www.europesays.com\/lv\/wp-json\/wp\/v2\/types\/post"}],"author":[{"embeddable":true,"href":"https:\/\/www.europesays.com\/lv\/wp-json\/wp\/v2\/users\/2"}],"replies":[{"embeddable":true,"href":"https:\/\/www.europesays.com\/lv\/wp-json\/wp\/v2\/comments?post=50999"}],"version-history":[{"count":0,"href":"https:\/\/www.europesays.com\/lv\/wp-json\/wp\/v2\/posts\/50999\/revisions"}],"wp:featuredmedia":[{"embeddable":true,"href":"https:\/\/www.europesays.com\/lv\/wp-json\/wp\/v2\/media\/51000"}],"wp:attachment":[{"href":"https:\/\/www.europesays.com\/lv\/wp-json\/wp\/v2\/media?parent=50999"}],"wp:term":[{"taxonomy":"category","embeddable":true,"href":"https:\/\/www.europesays.com\/lv\/wp-json\/wp\/v2\/categories?post=50999"},{"taxonomy":"post_tag","embeddable":true,"href":"https:\/\/www.europesays.com\/lv\/wp-json\/wp\/v2\/tags?post=50999"}],"curies":[{"name":"wp","href":"https:\/\/api.w.org\/{rel}","templated":true}]}}