{"id":51009,"date":"2025-11-16T16:00:10","date_gmt":"2025-11-16T16:00:10","guid":{"rendered":"https:\/\/www.europesays.com\/lv\/51009\/"},"modified":"2025-11-16T16:00:10","modified_gmt":"2025-11-16T16:00:10","slug":"sestdien-latvija-registreti-132-celu-satiksmes-negadijumi-cietusi-13-cilveki-2","status":"publish","type":"post","link":"https:\/\/www.europesays.com\/lv\/51009\/","title":{"rendered":"Sestdien Latvij\u0101 re\u0123istr\u0113ti 132 ce\u013cu satiksmes negad\u012bjumi; cietu\u0161i 13 cilv\u0113ki"},"content":{"rendered":"<p>Sestdien, 15. novembr\u012b, Latvij\u0101 re\u0123istr\u0113ti 132 ce\u013cu satiksmes negad\u012bjumi, kuros cieta 13 cilv\u0113ki,  inform\u0113ja Valsts policija.<\/p>\n<p>Vakar pieci cilv\u0113ki cieta av\u0101rij\u0101s Latgal\u0113, pa trim &#8211; R\u012bgas re\u0123ion\u0101 un Zemgal\u0113, bet divi &#8211; Vidzem\u0113. <\/p>\n<blockquote><p>\u010cetri no cietu\u0161ajiem bija g\u0101j\u0113ji.<\/p><\/blockquote>\n<p>Par transportl\u012bdzek\u013ca vad\u012b\u0161anu alkohola reibum\u0101 policija vakar aiztur\u0113jusi 13 vad\u012bt\u0101jus: \u010detrus R\u012bgas re\u0123ion\u0101, pa trim &#8211; Zemgal\u0113 un Latgal\u0113, divus Vidzem\u0113 un vienu Kurzem\u0113. 11 aiztur\u0113tie vad\u012bt\u0101ji pie transportl\u012bdzek\u013cu st\u016bres bija s\u0113du\u0161ies tik nopietn\u0101 reibum\u0101, ka vi\u0146iem piem\u0113rots krimin\u0101lsods, l\u012bdz ar to konfisc\u0113s transportl\u012bdzekli vai piedz\u012bs transportl\u012bdzek\u013ca v\u0113rt\u012bbu.<\/p>\n<p>Savuk\u0101rt par \u0101truma p\u0101rsnieg\u0161anu autovad\u012bt\u0101jiem vakar noform\u0113ti 214 protokoli: R\u012bgas re\u0123ion\u0101 sod\u012bti 11 autovad\u012bt\u0101ji, Vidzem\u0113 &#8211; 71, Latgal\u0113 &#8211; 56, Kurzem\u0113 &#8211; 46, bet Zemgal\u0113 &#8211; 30 transporta l\u012bdzek\u013cu vad\u012bt\u0101ji. Divi vad\u012bt\u0101ji sod\u012bti par agres\u012bvu brauk\u0161anu.<\/p>\n<p>Kopum\u0101 policija vakar noform\u0113jusi 504 protokolus par ce\u013cu satiksmes noteikumu p\u0101rk\u0101pumiem.<\/p>\n<p><img decoding=\"async\" src=\"https:\/\/www.europesays.com\/lv\/wp-content\/uploads\/2025\/11\/333770b10099d577328e545d5a0126c6.jpg\" title=\"Ilustrat\u012bvs foto\/Unplash\" alt=\"Ilustrat\u012bvs foto\/Unplash\"\/><\/p>\n<p class=\"article-img-desc\">Ilustrat\u012bvs foto\/Unplash<\/p>\n","protected":false},"excerpt":{"rendered":"Sestdien, 15. novembr\u012b, Latvij\u0101 re\u0123istr\u0113ti 132 ce\u013cu satiksmes negad\u012bjumi, kuros cieta 13 cilv\u0113ki, inform\u0113ja Valsts policija. Vakar pieci&hellip;\n","protected":false},"author":2,"featured_media":50778,"comment_status":"","ping_status":"","sticky":false,"template":"","format":"standard","meta":{"footnotes":""},"categories":[12],"tags":[129,4777,1276,23,28,29,32,33,22,30,31,35,39,38,36,37,34,40,20,26,27,4778,1277,4779,1278,24,25,21],"class_list":{"0":"post-51009","1":"post","2":"type-post","3":"status-publish","4":"format-standard","5":"has-post-thumbnail","7":"category-latvija","8":"tag-__typenameadvicekeyword","9":"tag-id557","10":"tag-id561","11":"tag-aktualitates","12":"tag-breaking-news","13":"tag-breakingnews","14":"tag-featured-news","15":"tag-featurednews","16":"tag-headlines","17":"tag-latest-news","18":"tag-latestnews","19":"tag-latvia","20":"tag-latvian","21":"tag-latviesu","22":"tag-latviesu-valoda","23":"tag-latviesuvaloda","24":"tag-latvija","25":"tag-lv","26":"tag-news","27":"tag-popularakas-zinas","28":"tag-popularakaszinas","29":"tag-slugcelu-satiksmes-negadijums","30":"tag-slugvalsts-policija","31":"tag-titlecelu-satiksmes-negadijums","32":"tag-titlevalsts-policija","33":"tag-top-stories","34":"tag-topstories","35":"tag-zinas"},"share_on_mastodon":{"url":"https:\/\/pubeurope.com\/@lv\/115560213769415110","error":""},"_links":{"self":[{"href":"https:\/\/www.europesays.com\/lv\/wp-json\/wp\/v2\/posts\/51009","targetHints":{"allow":["GET"]}}],"collection":[{"href":"https:\/\/www.europesays.com\/lv\/wp-json\/wp\/v2\/posts"}],"about":[{"href":"https:\/\/www.europesays.com\/lv\/wp-json\/wp\/v2\/types\/post"}],"author":[{"embeddable":true,"href":"https:\/\/www.europesays.com\/lv\/wp-json\/wp\/v2\/users\/2"}],"replies":[{"embeddable":true,"href":"https:\/\/www.europesays.com\/lv\/wp-json\/wp\/v2\/comments?post=51009"}],"version-history":[{"count":0,"href":"https:\/\/www.europesays.com\/lv\/wp-json\/wp\/v2\/posts\/51009\/revisions"}],"wp:featuredmedia":[{"embeddable":true,"href":"https:\/\/www.europesays.com\/lv\/wp-json\/wp\/v2\/media\/50778"}],"wp:attachment":[{"href":"https:\/\/www.europesays.com\/lv\/wp-json\/wp\/v2\/media?parent=51009"}],"wp:term":[{"taxonomy":"category","embeddable":true,"href":"https:\/\/www.europesays.com\/lv\/wp-json\/wp\/v2\/categories?post=51009"},{"taxonomy":"post_tag","embeddable":true,"href":"https:\/\/www.europesays.com\/lv\/wp-json\/wp\/v2\/tags?post=51009"}],"curies":[{"name":"wp","href":"https:\/\/api.w.org\/{rel}","templated":true}]}}