{"id":51020,"date":"2025-11-16T16:08:07","date_gmt":"2025-11-16T16:08:07","guid":{"rendered":"https:\/\/www.europesays.com\/lv\/51020\/"},"modified":"2025-11-16T16:08:07","modified_gmt":"2025-11-16T16:08:07","slug":"grupa-r-a-p-ar-koncertsinglu-dzive-bez-apstajas-izsludina-novembra-turi-lente-lv","status":"publish","type":"post","link":"https:\/\/www.europesays.com\/lv\/51020\/","title":{"rendered":"Grupa \u00abR.A.P.\u00bb ar koncertsinglu \u00abDz\u012bve bez apst\u0101jas\u00bb izsludina \u00abNovembra t\u016bri\u00bb\u00a0\u2014\u00a0Lente.lv"},"content":{"rendered":"<p>Latvie\u0161u rokgrupa &#8220;R.A.P.&#8221; izsludina novembra t\u016bri ar dziesmu &#8220;Dz\u012bve bez apst\u0101jas&#8221;<\/p>\n<p>P\u0113c ilg\u0101ka p\u0101rtraukuma atkalapvienojusies latvie\u0161u alternat\u012bv\u0101 roka grupa &#8220;R.A.P.&#8221; ir gatava doties iespaid\u012bg\u0101 &#8220;Novembra t\u016br\u0113&#8221;, lai iepriecin\u0101tu savus fanus ar jaun\u0101m un atjaunot\u0101m dziesm\u0101m. T\u016bres atkl\u0101\u0161anai izv\u0113l\u0113ts viens no grupas liel\u0101kajiem hitiem &#8220;Dz\u012bve bez apst\u0101jas&#8221;, kas ieguvis ar\u012b koncertsingla un videoklipa statusu. \u0160aj\u0101 dziesm\u0101 piedal\u0101s ar\u012b le\u0123end\u0101rais dzied\u0101t\u0101js Igo, kur\u0161 ir t\u0101s l\u012bdzautors. Grupas atgrie\u0161an\u0101s p\u0113c 17 gadu pauzes ir spilgts notikums Latvijas m\u016bzikas dz\u012bv\u0113, apliecinot grupas nemain\u012bgo ener\u0123iju un sp\u0113ju uzrun\u0101t klaus\u012bt\u0101jus.<\/p>\n<p>Koncertu saraksts un programma<\/p>\n<p>&#8220;Novembra t\u016bre&#8221; pied\u0101v\u0101s klaus\u012bt\u0101jiem pla\u0161u muzik\u0101lu ce\u013cojumu, aptverot visu grupas &#8220;R.A.P.&#8221; rado\u0161\u0101s darb\u012bbas mantojumu. Koncertos skan\u0113s gan iem\u012b\u013cotas dziesmas no visiem trim grupas studijas albumiem, tostarp t\u0101di hiti k\u0101 &#8220;Nekas vairs nav t\u0101&#8221;, &#8220;Esot vienatn\u0113&#8221; un &#8220;Viss jau sapl\u0101nots&#8221;, gan ar\u012b jauni ska\u0146darbi, kas rad\u012bti p\u0113c grupas atkalapvieno\u0161an\u0101s. T\u0101pat izskan\u0113s ar\u012b radiostacij\u0101s atzin\u012bgi nov\u0113rt\u0113tais singls &#8220;Meln\u0101 (Ak n\u0113, n\u0113, n\u0113!)&#8221;.<\/p>\n<p>Pl\u0101notie koncerti notiks \u0161\u0101d\u0101s viet\u0101s un datumos:<\/p>\n<ul>\n<li>8. novembr\u012b \u2013 Jelgav\u0101, &#8220;Melno cepur\u012b\u0161u balerij\u0101&#8221;<\/li>\n<li>14. novembr\u012b \u2013 C\u0113s\u012bs, &#8220;Fonoklub\u0101&#8221;<\/li>\n<li>15. novembr\u012b \u2013 Liep\u0101j\u0101, kult\u016bras nam\u0101 &#8220;Wiktorija&#8221;<\/li>\n<li>22. novembr\u012b \u2013 R\u012bg\u0101, koncertz\u0101l\u0113 &#8220;Ang\u0101rs&#8221;<\/li>\n<\/ul>\n<p>Grupa &#8220;R.A.P.&#8221; ir paz\u012bstama ar savu ener\u0123isko skan\u0113jumu un aizraujo\u0161ajiem priek\u0161nesumiem, un \u0161\u012b t\u016bre sola b\u016bt \u012bpa\u0161i pies\u0101tin\u0101ta ar emocij\u0101m un ener\u0123iju. Vok\u0101lists Artis Dvarionas sola, ka koncertos tiks apskat\u012bta visa grupas dai\u013crade, pied\u0101v\u0101jot katram klaus\u012bt\u0101jam kaut ko sev tuvu.<\/p>\n<p>\u012apa\u0161ie viesi un jaunais singls<\/p>\n<p>T\u016bres nosl\u0113guma koncert\u0101 R\u012bg\u0101, &#8220;Ang\u0101ra koncertz\u0101l\u0113&#8221;, uzst\u0101sies ar\u012b \u012bpa\u0161ie viesi \u2013 ilggad\u0113j\u0101 pa\u0161m\u0101ju alternat\u012bv\u0101 roka apvien\u012bba &#8220;Indygo&#8221;. Tas pie\u0161\u0137irs vakaram v\u0113l liel\u0101ku v\u0113rt\u012bbu un piepild\u012bjumu.<\/p>\n<p>Jaunais koncertsingls &#8220;Dz\u012bve bez apst\u0101jas&#8221;, kas ir tapusi ar Igo l\u012bdzdal\u012bbu, tika film\u0113ta mart\u0101 R\u012bgas koncertz\u0101l\u0113 &#8220;Palladium&#8221;. Videoklips lieliski atspogu\u013co grupas ener\u0123iju un roka gars, apliecinot, ka &#8220;R.A.P.&#8221; joproj\u0101m ir ugun\u012bgi un spilgti sav\u0101 skan\u0113jum\u0101. Taj\u0101 redzami visi grupas pamatsast\u0101va dal\u012bbnieki: Artis Dvarionas (vok\u0101ls), Aleksandrs \u0160tro (\u0123it\u0101ra), Artis Roz\u012btis (bas\u0123it\u0101ra) un Gatis Kaizers (bungas).<\/p>\n","protected":false},"excerpt":{"rendered":"Latvie\u0161u rokgrupa &#8220;R.A.P.&#8221; izsludina novembra t\u016bri ar dziesmu &#8220;Dz\u012bve bez apst\u0101jas&#8221; P\u0113c ilg\u0101ka p\u0101rtraukuma atkalapvienojusies latvie\u0161u alternat\u012bv\u0101 roka&hellip;\n","protected":false},"author":2,"featured_media":51021,"comment_status":"","ping_status":"","sticky":false,"template":"","format":"standard","meta":{"footnotes":""},"categories":[19],"tags":[2044,89,4943,90,35,39,38,303,36,37,34,40,2015,2014],"class_list":{"0":"post-51020","1":"post","2":"type-post","3":"status-publish","4":"format-standard","5":"has-post-thumbnail","7":"category-izklaide","8":"tag-dzive-bez-apstajas","9":"tag-entertainment","10":"tag-igo","11":"tag-izklaide","12":"tag-latvia","13":"tag-latvian","14":"tag-latviesu","15":"tag-latviesu-roks","16":"tag-latviesu-valoda","17":"tag-latviesuvaloda","18":"tag-latvija","19":"tag-lv","20":"tag-novembra-ture","21":"tag-r-a-p"},"share_on_mastodon":{"url":"https:\/\/pubeurope.com\/@lv\/115560245075869902","error":""},"_links":{"self":[{"href":"https:\/\/www.europesays.com\/lv\/wp-json\/wp\/v2\/posts\/51020","targetHints":{"allow":["GET"]}}],"collection":[{"href":"https:\/\/www.europesays.com\/lv\/wp-json\/wp\/v2\/posts"}],"about":[{"href":"https:\/\/www.europesays.com\/lv\/wp-json\/wp\/v2\/types\/post"}],"author":[{"embeddable":true,"href":"https:\/\/www.europesays.com\/lv\/wp-json\/wp\/v2\/users\/2"}],"replies":[{"embeddable":true,"href":"https:\/\/www.europesays.com\/lv\/wp-json\/wp\/v2\/comments?post=51020"}],"version-history":[{"count":0,"href":"https:\/\/www.europesays.com\/lv\/wp-json\/wp\/v2\/posts\/51020\/revisions"}],"wp:featuredmedia":[{"embeddable":true,"href":"https:\/\/www.europesays.com\/lv\/wp-json\/wp\/v2\/media\/51021"}],"wp:attachment":[{"href":"https:\/\/www.europesays.com\/lv\/wp-json\/wp\/v2\/media?parent=51020"}],"wp:term":[{"taxonomy":"category","embeddable":true,"href":"https:\/\/www.europesays.com\/lv\/wp-json\/wp\/v2\/categories?post=51020"},{"taxonomy":"post_tag","embeddable":true,"href":"https:\/\/www.europesays.com\/lv\/wp-json\/wp\/v2\/tags?post=51020"}],"curies":[{"name":"wp","href":"https:\/\/api.w.org\/{rel}","templated":true}]}}