{"id":51029,"date":"2025-11-16T16:19:18","date_gmt":"2025-11-16T16:19:18","guid":{"rendered":"https:\/\/www.europesays.com\/lv\/51029\/"},"modified":"2025-11-16T16:19:18","modified_gmt":"2025-11-16T16:19:18","slug":"valmieras-teatris-viesosies-riga-ar-koncertizradi-jauniesiem","status":"publish","type":"post","link":"https:\/\/www.europesays.com\/lv\/51029\/","title":{"rendered":"Valmieras te\u0101tris viesosies R\u012bg\u0101 ar koncertizr\u0101di jaunie\u0161iem"},"content":{"rendered":"<p>Tabakas fabrik\u0101, R\u012bg\u0101 11. un 12. decembr\u012b <a rel=\"noopener nofollow\" target=\"_blank\" href=\"https:\/\/www.delfi.lv\/temas\/40633337\/valmieras-teatris\" tag-id=\"40633337\">Valmieras te\u0101tris<\/a> viesosies ar jaunie\u0161u iem\u012b\u013coto koncertizr\u0101di &#8220;Es ar\u012b te, kas man ir j\u0101dara&#8221;. Izr\u0101de, kas caur m\u016bziku iedz\u012bvina un uzrun\u0101 jaunie\u0161u emociju pasauli \u2014 apjukumu, br\u012bv\u012bbu, bailes un ar\u012b prieku par dz\u012bvi, v\u0113sta te\u0101tra p\u0101rst\u0101vji.<\/p>\n<p class=\"m-0\">Seko &#8220;Delfi&#8221; ar\u012b  <a target=\"_blank\" href=\"https:\/\/www.instagram.com\/delfi.lv\/\" rel=\"nofollow noopener\">Instagram<\/a>  un <a target=\"_blank\" href=\"https:\/\/www.youtube.com\/channel\/UCw5foWtcJvAbUm64rv7jwUQ\" rel=\"nofollow noopener\">YouTube<\/a>  profil\u0101 \u2013 pievienojies, lai uzzin\u0101tu svar\u012bg\u0101ko un interesant\u0101ko pirmais!<\/p>\n<p>Publik\u0101cijas saturs vai t\u0101s jebk\u0101da apjoma da\u013ca ir aizsarg\u0101ts autorties\u012bbu objekts Autorties\u012bbu likuma izpratn\u0113, un t\u0101 izmanto\u0161ana bez izdev\u0113ja at\u013caujas ir aizliegta. Vair\u0101k lasi  <a target=\"_blank\" href=\"https:\/\/www.delfi.lv\/noteikumi#autortiesibas\" rel=\"nofollow noopener\">\u0161eit<\/a><script async src=\"\/\/www.instagram.com\/embed.js\"><\/script><\/p>\n","protected":false},"excerpt":{"rendered":"Tabakas fabrik\u0101, R\u012bg\u0101 11. un 12. decembr\u012b Valmieras te\u0101tris viesosies ar jaunie\u0161u iem\u012b\u013coto koncertizr\u0101di &#8220;Es ar\u012b te, kas&hellip;\n","protected":false},"author":2,"featured_media":51030,"comment_status":"","ping_status":"","sticky":false,"template":"","format":"standard","meta":{"footnotes":""},"categories":[5],"tags":[23,28,29,32,33,22,13971,30,31,35,39,38,36,37,34,40,20,26,27,6317,24,25,3347,21],"class_list":{"0":"post-51029","1":"post","2":"type-post","3":"status-publish","4":"format-standard","5":"has-post-thumbnail","7":"category-aktualitates","8":"tag-aktualitates","9":"tag-breaking-news","10":"tag-breakingnews","11":"tag-featured-news","12":"tag-featurednews","13":"tag-headlines","14":"tag-inese-pudza","15":"tag-latest-news","16":"tag-latestnews","17":"tag-latvia","18":"tag-latvian","19":"tag-latviesu","20":"tag-latviesu-valoda","21":"tag-latviesuvaloda","22":"tag-latvija","23":"tag-lv","24":"tag-news","25":"tag-popularakas-zinas","26":"tag-popularakaszinas","27":"tag-tabakas-fabrika","28":"tag-top-stories","29":"tag-topstories","30":"tag-valmieras-teatris","31":"tag-zinas"},"share_on_mastodon":{"url":"https:\/\/pubeurope.com\/@lv\/115560288386799682","error":""},"_links":{"self":[{"href":"https:\/\/www.europesays.com\/lv\/wp-json\/wp\/v2\/posts\/51029","targetHints":{"allow":["GET"]}}],"collection":[{"href":"https:\/\/www.europesays.com\/lv\/wp-json\/wp\/v2\/posts"}],"about":[{"href":"https:\/\/www.europesays.com\/lv\/wp-json\/wp\/v2\/types\/post"}],"author":[{"embeddable":true,"href":"https:\/\/www.europesays.com\/lv\/wp-json\/wp\/v2\/users\/2"}],"replies":[{"embeddable":true,"href":"https:\/\/www.europesays.com\/lv\/wp-json\/wp\/v2\/comments?post=51029"}],"version-history":[{"count":0,"href":"https:\/\/www.europesays.com\/lv\/wp-json\/wp\/v2\/posts\/51029\/revisions"}],"wp:featuredmedia":[{"embeddable":true,"href":"https:\/\/www.europesays.com\/lv\/wp-json\/wp\/v2\/media\/51030"}],"wp:attachment":[{"href":"https:\/\/www.europesays.com\/lv\/wp-json\/wp\/v2\/media?parent=51029"}],"wp:term":[{"taxonomy":"category","embeddable":true,"href":"https:\/\/www.europesays.com\/lv\/wp-json\/wp\/v2\/categories?post=51029"},{"taxonomy":"post_tag","embeddable":true,"href":"https:\/\/www.europesays.com\/lv\/wp-json\/wp\/v2\/tags?post=51029"}],"curies":[{"name":"wp","href":"https:\/\/api.w.org\/{rel}","templated":true}]}}