{"id":51055,"date":"2025-11-16T16:51:18","date_gmt":"2025-11-16T16:51:18","guid":{"rendered":"https:\/\/www.europesays.com\/lv\/51055\/"},"modified":"2025-11-16T16:51:18","modified_gmt":"2025-11-16T16:51:18","slug":"portugales-futbolisti-kvalificejas-pasaules-kausa-finalturniram","status":"publish","type":"post","link":"https:\/\/www.europesays.com\/lv\/51055\/","title":{"rendered":"Portug\u0101les futbolisti kvalific\u0113jas Pasaules kausa fin\u0101lturn\u012bram"},"content":{"rendered":"<p>Portug\u0101les v\u012brie\u0161u futbola izlase sv\u0113tdien izc\u012bn\u012bja ce\u013caz\u012bmi uz 2026. gada Pasaules kausa fin\u0101lturn\u012bru.<\/p>\n<p>Kvalifik\u0101cijas F grup\u0101 Portug\u0101le sav\u0101 laukum\u0101 ar 9:1 (5:1) sagr\u0101va Arm\u0113niju.<\/p>\n<p>Sp\u0113les sept\u012btaj\u0101 min\u016bt\u0113 m\u0101jiniekus vad\u012bb\u0101 izvirz\u012bja Renatu Veiga, bet aptuveni 11 min\u016btes v\u0113l\u0101k neiz\u0161\u0137irtu pan\u0101ca Eduards Spercjans.<\/p>\n<p>Pirm\u0101 puslaika turpin\u0101jum\u0101 arm\u0113\u0146u v\u0101rtos bumbu divas reizes raid\u012bja \u017du\u0101u Neve\u0161s, vienus v\u0101rtus guva Gons\u0101lu Ramu\u0161s, bet puslaika izska\u0146\u0101 11 metru soda sitienu prec\u012bzi izpild\u012bja Brunu Fernande\u0161s.<\/p>\n<p>Otraj\u0101 puslaik\u0101 Fernande\u0161s guva v\u0113l vienus v\u0101rtus un prec\u012bzi izpild\u012bja &#8220;pendeli&#8221;, v\u0113lreiz pretinieku v\u0101rtsargu p\u0101rsp\u0113ja Neve\u0161s, un kompens\u0101cijas laik\u0101 v\u0113l 9:1 pan\u0101ca Fransisku Konseisau, portug\u0101\u013ciem tiekot pie graujo\u0161as uzvaras.<\/p>\n<p>Cit\u0101 F grupas sp\u0113l\u0113 \u012arija viesos ar 3:2 (1:2) uzvar\u0113ja Ung\u0101riju.<\/p>\n<p>Laukuma saimnieku pirmos v\u0101rtus jau tre\u0161aj\u0101 min\u016bt\u0113 guva Daniels Luk\u0101\u010ds, bet 15. min\u016bt\u0113, prec\u012bzi izpildot 11 metru soda sitienu, rezult\u0101tu izl\u012bdzin\u0101ja Trojs Parots. Pirm\u0101 puslaika turpin\u0101jum\u0101 m\u0101jiniekiem vienu v\u0101rtu p\u0101rsvaru atjaunoja Barnab\u0101\u0161s Varga.<\/p>\n<p>\u012arija pan\u0101ca neiz\u0161\u0137irtu tikai 80. min\u016bt\u0113, kad v\u0113lreiz prec\u012bzs bija Parots, kur\u0161 ar\u012b guva uzvaru neso\u0161os v\u0101rtus kompens\u0101cijas laika sestaj\u0101 min\u016bt\u0113.<\/p>\n<p>P\u0113c se\u0161\u0101m sp\u0113\u013cu k\u0101rt\u0101m F grup\u0101 pirmo vietu un ce\u013caz\u012bmi uz fin\u0101lturn\u012bru ar 13 punktiem izc\u012bn\u012bja Portug\u0101le. \u012arija ar desmit punktiem ie\u0146\u0113ma otro vietu, bet Ung\u0101rija ar asto\u0146iem un Arm\u0113nija ar tr\u012bs punktiem ierindoj\u0101s attiec\u012bgi tre\u0161aj\u0101 un ceturtaj\u0101 poz\u012bcij\u0101.<\/p>\n<p>Pasaules kausa fin\u0101lturn\u012brs Kan\u0101d\u0101, Meksik\u0101 un ASV norisin\u0101sies 2026. gada j\u016bnij\u0101 un j\u016blij\u0101.<\/p>\n<p>Fin\u0101lturn\u012bram jau ir kvalific\u0113ju\u0161\u0101s ar\u012b tr\u012bs sacens\u012bbu r\u012bkot\u0101jas, Jap\u0101na, Jaunz\u0113lande, Ir\u0101na, Argent\u012bna, Uzbekist\u0101na, Dienvidkoreja, Jord\u0101nija, Austr\u0101lija, Braz\u012blija, Ekvadora, Urugvaja, Kolumbija, Paragvaja, Maroka, Tunisija, \u0112\u0123ipte, Al\u017e\u012brija, Gana, Kaboverde, D\u0100R, Katara, Anglija, Sa\u016bda Ar\u0101bija, Kotdivu\u0101ra, Seneg\u0101la, Francija un Horv\u0101tija.<\/p>\n<p>2026. gad\u0101 Pasaules kausa fin\u0101lturn\u012br\u0101 pirmoreiz 32 komandu viet\u0101 sp\u0113l\u0113s 48 izlases.<\/p>\n<p class=\"m-0\">Seko &#8220;Delfi&#8221; ar\u012b  <a target=\"_blank\" href=\"https:\/\/www.instagram.com\/delfi.lv\/\" rel=\"nofollow noopener\">Instagram<\/a>  un <a target=\"_blank\" href=\"https:\/\/www.youtube.com\/channel\/UCw5foWtcJvAbUm64rv7jwUQ\" rel=\"nofollow noopener\">YouTube<\/a>  profil\u0101 \u2013 pievienojies, lai uzzin\u0101tu svar\u012bg\u0101ko un interesant\u0101ko pirmais!<\/p>\n<p>Publik\u0101cijas saturs vai t\u0101s jebk\u0101da apjoma da\u013ca ir aizsarg\u0101ts autorties\u012bbu objekts Autorties\u012bbu likuma izpratn\u0113, un t\u0101 izmanto\u0161ana bez izdev\u0113ja at\u013caujas ir aizliegta. Vair\u0101k lasi  <a target=\"_blank\" href=\"https:\/\/www.delfi.lv\/noteikumi#autortiesibas\" rel=\"nofollow noopener\">\u0161eit<\/a><script async src=\"\/\/www.instagram.com\/embed.js\"><\/script><\/p>\n","protected":false},"excerpt":{"rendered":"Portug\u0101les v\u012brie\u0161u futbola izlase sv\u0113tdien izc\u012bn\u012bja ce\u013caz\u012bmi uz 2026. gada Pasaules kausa fin\u0101lturn\u012bru. Kvalifik\u0101cijas F grup\u0101 Portug\u0101le sav\u0101&hellip;\n","protected":false},"author":2,"featured_media":51056,"comment_status":"","ping_status":"","sticky":false,"template":"","format":"standard","meta":{"footnotes":""},"categories":[17],"tags":[6648,676,35,39,38,36,37,34,40,865,67],"class_list":{"0":"post-51055","1":"post","2":"type-post","3":"status-publish","4":"format-standard","5":"has-post-thumbnail","7":"category-sports","8":"tag-armenija","9":"tag-futbols","10":"tag-latvia","11":"tag-latvian","12":"tag-latviesu","13":"tag-latviesu-valoda","14":"tag-latviesuvaloda","15":"tag-latvija","16":"tag-lv","17":"tag-portugale","18":"tag-sports"},"share_on_mastodon":{"url":"https:\/\/pubeurope.com\/@lv\/115560414097114520","error":""},"_links":{"self":[{"href":"https:\/\/www.europesays.com\/lv\/wp-json\/wp\/v2\/posts\/51055","targetHints":{"allow":["GET"]}}],"collection":[{"href":"https:\/\/www.europesays.com\/lv\/wp-json\/wp\/v2\/posts"}],"about":[{"href":"https:\/\/www.europesays.com\/lv\/wp-json\/wp\/v2\/types\/post"}],"author":[{"embeddable":true,"href":"https:\/\/www.europesays.com\/lv\/wp-json\/wp\/v2\/users\/2"}],"replies":[{"embeddable":true,"href":"https:\/\/www.europesays.com\/lv\/wp-json\/wp\/v2\/comments?post=51055"}],"version-history":[{"count":0,"href":"https:\/\/www.europesays.com\/lv\/wp-json\/wp\/v2\/posts\/51055\/revisions"}],"wp:featuredmedia":[{"embeddable":true,"href":"https:\/\/www.europesays.com\/lv\/wp-json\/wp\/v2\/media\/51056"}],"wp:attachment":[{"href":"https:\/\/www.europesays.com\/lv\/wp-json\/wp\/v2\/media?parent=51055"}],"wp:term":[{"taxonomy":"category","embeddable":true,"href":"https:\/\/www.europesays.com\/lv\/wp-json\/wp\/v2\/categories?post=51055"},{"taxonomy":"post_tag","embeddable":true,"href":"https:\/\/www.europesays.com\/lv\/wp-json\/wp\/v2\/tags?post=51055"}],"curies":[{"name":"wp","href":"https:\/\/api.w.org\/{rel}","templated":true}]}}