{"id":51063,"date":"2025-11-16T17:00:14","date_gmt":"2025-11-16T17:00:14","guid":{"rendered":"https:\/\/www.europesays.com\/lv\/51063\/"},"modified":"2025-11-16T17:00:14","modified_gmt":"2025-11-16T17:00:14","slug":"drosibas-apsverumu-del-uz-krieviju-un-baltkrieviju-plano-ierobezot-autobusu-marsrutus","status":"publish","type":"post","link":"https:\/\/www.europesays.com\/lv\/51063\/","title":{"rendered":"Dro\u0161\u012bbas apsv\u0113rumu d\u0113\u013c uz Krieviju un Baltkrieviju pl\u0101no ierobe\u017eot autobusu mar\u0161rutus"},"content":{"rendered":"<p>Opoz\u012bcijas deput\u0101tu piepras\u012bjumu izskat\u012bs Saeimas Piepras\u012bjumu komisijas s\u0113d\u0113 19. novembr\u012b.<\/p>\n<p>Satiksmes ministrijas sniegtaj\u0101 atbild\u0113 nor\u0101d\u012bts, ka, \u0146emot v\u0113r\u0101 Krievijas un Baltkrievijas \u012bstenot\u0101s hibr\u012bddarb\u012bbas, dro\u0161\u012bbas riskus, k\u0101 ar\u012b pieaugo\u0161o neregul\u0101ro p\u0101rvad\u0101jumu pl\u016bsmu, kas apdraud nacion\u0101lo dro\u0161\u012bbu un kav\u0113 robe\u017ekontroli, Ministru kabinets (MK) 2025. gada 7. oktobr\u012b pie\u0146\u0113ma r\u012bkojumu, aizliedzot starptautiskos neregul\u0101ros pasa\u017eieru p\u0101rvad\u0101jumus ar autobusiem uz \u0161\u012bm valst\u012bm.<\/p>\n<p>Regul\u0101rie p\u0101rvad\u0101jumi \u0161obr\u012bd notiek septi\u0146os mar\u0161rutos: \u010detros uz Krieviju, trijos uz Baltkrieviju. Atbild\u0113 deput\u0101tiem skaidrots, ka Satiksmes ministrija izstr\u0101d\u0101 r\u012bkojuma projektu, lai nepagarin\u0101tu eso\u0161o mar\u0161ruta at\u013cauju termi\u0146us un neizsniegtu jaunas, pamatojoties uz dro\u0161\u012bbas apsv\u0113rumiem, piem\u0113ram, neleg\u0101lo imigr\u0101ciju, izl\u016bko\u0161anas un verv\u0113\u0161anas draudiem. Ierobe\u017eojumi b\u016bs pagaidu, ar iesp\u0113ju tos p\u0101rskat\u012bt, ja situ\u0101cija main\u0101s.<\/p>\n<p>Latvijas starptautiskie nol\u012bgumi ar Krieviju un Baltkrieviju neaizliedz \u0161\u0101dus dro\u0161\u012bbas pas\u0101kumus. P\u0101rvad\u0101t\u0101ji par izmai\u0146\u0101m tiks inform\u0113ti vismaz 30 dienas iepriek\u0161, nor\u0101dot juridisko pamatu, akcent\u0113 ministrija.<\/p>\n<p>Saska\u0146\u0101 ar MK noteikumiem p\u0101rvad\u0101t\u0101ji par izmai\u0146\u0101m tiek inform\u0113ti elektroniski, izmantojot Autotransporta direkcijas t\u012bmek\u013cvietni un e-pakalpojumu sist\u0113mu, nor\u0101dot iemeslus, juridisko pamatu un termi\u0146us. \u0160\u0101da pieeja nodro\u0161ina p\u0101rskat\u0101m\u012bbu un samazina zaud\u0113jumus.<\/p>\n","protected":false},"excerpt":{"rendered":"Opoz\u012bcijas deput\u0101tu piepras\u012bjumu izskat\u012bs Saeimas Piepras\u012bjumu komisijas s\u0113d\u0113 19. novembr\u012b. Satiksmes ministrijas sniegtaj\u0101 atbild\u0113 nor\u0101d\u012bts, ka, \u0146emot v\u0113r\u0101&hellip;\n","protected":false},"author":2,"featured_media":51064,"comment_status":"","ping_status":"","sticky":false,"template":"","format":"standard","meta":{"footnotes":""},"categories":[12],"tags":[23,2416,28,29,32,33,22,234,30,31,35,39,38,36,37,34,40,20,26,27,1529,24,25,21],"class_list":{"0":"post-51063","1":"post","2":"type-post","3":"status-publish","4":"format-standard","5":"has-post-thumbnail","7":"category-latvija","8":"tag-aktualitates","9":"tag-baltkrievija","10":"tag-breaking-news","11":"tag-breakingnews","12":"tag-featured-news","13":"tag-featurednews","14":"tag-headlines","15":"tag-krievija","16":"tag-latest-news","17":"tag-latestnews","18":"tag-latvia","19":"tag-latvian","20":"tag-latviesu","21":"tag-latviesu-valoda","22":"tag-latviesuvaloda","23":"tag-latvija","24":"tag-lv","25":"tag-news","26":"tag-popularakas-zinas","27":"tag-popularakaszinas","28":"tag-satiksme","29":"tag-top-stories","30":"tag-topstories","31":"tag-zinas"},"share_on_mastodon":{"url":"https:\/\/pubeurope.com\/@lv\/115560449624153867","error":""},"_links":{"self":[{"href":"https:\/\/www.europesays.com\/lv\/wp-json\/wp\/v2\/posts\/51063","targetHints":{"allow":["GET"]}}],"collection":[{"href":"https:\/\/www.europesays.com\/lv\/wp-json\/wp\/v2\/posts"}],"about":[{"href":"https:\/\/www.europesays.com\/lv\/wp-json\/wp\/v2\/types\/post"}],"author":[{"embeddable":true,"href":"https:\/\/www.europesays.com\/lv\/wp-json\/wp\/v2\/users\/2"}],"replies":[{"embeddable":true,"href":"https:\/\/www.europesays.com\/lv\/wp-json\/wp\/v2\/comments?post=51063"}],"version-history":[{"count":0,"href":"https:\/\/www.europesays.com\/lv\/wp-json\/wp\/v2\/posts\/51063\/revisions"}],"wp:featuredmedia":[{"embeddable":true,"href":"https:\/\/www.europesays.com\/lv\/wp-json\/wp\/v2\/media\/51064"}],"wp:attachment":[{"href":"https:\/\/www.europesays.com\/lv\/wp-json\/wp\/v2\/media?parent=51063"}],"wp:term":[{"taxonomy":"category","embeddable":true,"href":"https:\/\/www.europesays.com\/lv\/wp-json\/wp\/v2\/categories?post=51063"},{"taxonomy":"post_tag","embeddable":true,"href":"https:\/\/www.europesays.com\/lv\/wp-json\/wp\/v2\/tags?post=51063"}],"curies":[{"name":"wp","href":"https:\/\/api.w.org\/{rel}","templated":true}]}}