{"id":51065,"date":"2025-11-16T17:01:30","date_gmt":"2025-11-16T17:01:30","guid":{"rendered":"https:\/\/www.europesays.com\/lv\/51065\/"},"modified":"2025-11-16T17:01:30","modified_gmt":"2025-11-16T17:01:30","slug":"autobusa-ietrieksanas-pietura-stavosos-cilvekos-stokholma-kas-zinams-lidz-sim","status":"publish","type":"post","link":"https:\/\/www.europesays.com\/lv\/51065\/","title":{"rendered":"Autobusa ietriek\u0161an\u0101s pietur\u0101 st\u0101vo\u0161os cilv\u0113kos Stokholm\u0101: kas zin\u0101ms l\u012bdz \u0161im?"},"content":{"rendered":"<p>Autobuss piektdien p\u0113cpusdienas sastr\u0113gumstundas laik\u0101 ietriec\u0101s cilv\u0113ku rind\u0101 autobusu pietur\u0101, nogalinot tr\u012bs cilv\u0113kus un v\u0113l tr\u012bs ievainojot.<\/p>\n<p>&#8220;L\u012bdz \u0161im analiz\u0113tajos materi\u0101los, tostarp liecinieku liec\u012bb\u0101s un fotogr\u0101fij\u0101s, nav nek\u0101du pier\u0101d\u012bjumu tam, ka \u0161is negad\u012bjums b\u016btu bijis t\u012b\u0161s,&#8221; a\u0123ent\u016brai AFP sac\u012bja policijas p\u0101rst\u0101vis Ola Osterlings.<\/p>\n<p>Autobusa \u0161oferis, kur\u0161 s\u0101kotn\u0113ji tika aiztur\u0113ts aizdom\u0101s par non\u0101v\u0113\u0161anu, atrodas slimn\u012bc\u0101, sac\u012bja Osterlings.<\/p>\n","protected":false},"excerpt":{"rendered":"Autobuss piektdien p\u0113cpusdienas sastr\u0113gumstundas laik\u0101 ietriec\u0101s cilv\u0113ku rind\u0101 autobusu pietur\u0101, nogalinot tr\u012bs cilv\u0113kus un v\u0113l tr\u012bs ievainojot. &#8220;L\u012bdz&hellip;\n","protected":false},"author":2,"featured_media":51066,"comment_status":"","ping_status":"","sticky":false,"template":"","format":"standard","meta":{"footnotes":""},"categories":[5],"tags":[23,28,29,32,33,22,30,31,35,39,38,36,37,34,40,20,26,27,13529,24,25,21,185],"class_list":{"0":"post-51065","1":"post","2":"type-post","3":"status-publish","4":"format-standard","5":"has-post-thumbnail","7":"category-aktualitates","8":"tag-aktualitates","9":"tag-breaking-news","10":"tag-breakingnews","11":"tag-featured-news","12":"tag-featurednews","13":"tag-headlines","14":"tag-latest-news","15":"tag-latestnews","16":"tag-latvia","17":"tag-latvian","18":"tag-latviesu","19":"tag-latviesu-valoda","20":"tag-latviesuvaloda","21":"tag-latvija","22":"tag-lv","23":"tag-news","24":"tag-popularakas-zinas","25":"tag-popularakaszinas","26":"tag-stokholma","27":"tag-top-stories","28":"tag-topstories","29":"tag-zinas","30":"tag-zviedrija"},"share_on_mastodon":{"url":"https:\/\/pubeurope.com\/@lv\/115560453703322173","error":""},"_links":{"self":[{"href":"https:\/\/www.europesays.com\/lv\/wp-json\/wp\/v2\/posts\/51065","targetHints":{"allow":["GET"]}}],"collection":[{"href":"https:\/\/www.europesays.com\/lv\/wp-json\/wp\/v2\/posts"}],"about":[{"href":"https:\/\/www.europesays.com\/lv\/wp-json\/wp\/v2\/types\/post"}],"author":[{"embeddable":true,"href":"https:\/\/www.europesays.com\/lv\/wp-json\/wp\/v2\/users\/2"}],"replies":[{"embeddable":true,"href":"https:\/\/www.europesays.com\/lv\/wp-json\/wp\/v2\/comments?post=51065"}],"version-history":[{"count":0,"href":"https:\/\/www.europesays.com\/lv\/wp-json\/wp\/v2\/posts\/51065\/revisions"}],"wp:featuredmedia":[{"embeddable":true,"href":"https:\/\/www.europesays.com\/lv\/wp-json\/wp\/v2\/media\/51066"}],"wp:attachment":[{"href":"https:\/\/www.europesays.com\/lv\/wp-json\/wp\/v2\/media?parent=51065"}],"wp:term":[{"taxonomy":"category","embeddable":true,"href":"https:\/\/www.europesays.com\/lv\/wp-json\/wp\/v2\/categories?post=51065"},{"taxonomy":"post_tag","embeddable":true,"href":"https:\/\/www.europesays.com\/lv\/wp-json\/wp\/v2\/tags?post=51065"}],"curies":[{"name":"wp","href":"https:\/\/api.w.org\/{rel}","templated":true}]}}