{"id":51099,"date":"2025-11-16T17:53:30","date_gmt":"2025-11-16T17:53:30","guid":{"rendered":"https:\/\/www.europesays.com\/lv\/51099\/"},"modified":"2025-11-16T17:53:30","modified_gmt":"2025-11-16T17:53:30","slug":"civiliedzivotaju-safari-sarajeva-italija-izmekle-pirms-30-gadiem-organizetu-snaiperu-turismu","status":"publish","type":"post","link":"https:\/\/www.europesays.com\/lv\/51099\/","title":{"rendered":"Civiliedz\u012bvot\u0101ju safari Sarajev\u0101 \u2013 It\u0101lij\u0101 izmekl\u0113 pirms 30 gadiem organiz\u0113tu &#8220;snaiperu t\u016brismu&#8221;"},"content":{"rendered":"<p>Vair\u0101k nek\u0101 30 gadus p\u0113c Sarajevas aplenkuma <a rel=\"noopener nofollow\" target=\"_blank\" href=\"https:\/\/www.delfi.lv\/temas\/36118986\/italija\" tag-id=\"36118986\">It\u0101lijas<\/a> prokurori uzs\u0101ku\u0161i izmekl\u0113\u0161anu par &#8220;snaiperu t\u016bristiem&#8221;, kuri par naudu \u0161\u0101vu\u0161i uz civiliedz\u012bvot\u0101jiem, v\u0113sta \u0101rvalstu mediji.<\/p>\n<p>Lai gan It\u0101lijas prokurori nav atkl\u0101ju\u0161i aizdom\u0101s turamo v\u0101rdus, tiek zi\u0146ots, ka tiek izmekl\u0113ti aptuveni 200 &#8220;snaiperu t\u016brisma&#8221; gad\u012bjumi. P\u0113c aculiecinieku st\u0101st\u012bt\u0101, &#8220;Sarajevas safari&#8221; piedal\u012bju\u0161ies v\u0101cie\u0161i, kan\u0101die\u0161i, briti un citi rietumnieki, v\u0113sta  &#8220;Aftonbladet&#8221;.<\/p>\n<p class=\"m-0\">Seko &#8220;Delfi&#8221; ar\u012b  <a target=\"_blank\" href=\"https:\/\/www.instagram.com\/delfi.lv\/\" rel=\"nofollow noopener\">Instagram<\/a>  un <a target=\"_blank\" href=\"https:\/\/www.youtube.com\/channel\/UCw5foWtcJvAbUm64rv7jwUQ\" rel=\"nofollow noopener\">YouTube<\/a>  profil\u0101 \u2013 pievienojies, lai uzzin\u0101tu svar\u012bg\u0101ko un interesant\u0101ko pirmais!<\/p>\n<p>Publik\u0101cijas saturs vai t\u0101s jebk\u0101da apjoma da\u013ca ir aizsarg\u0101ts autorties\u012bbu objekts Autorties\u012bbu likuma izpratn\u0113, un t\u0101 izmanto\u0161ana bez izdev\u0113ja at\u013caujas ir aizliegta. Vair\u0101k lasi  <a target=\"_blank\" href=\"https:\/\/www.delfi.lv\/noteikumi#autortiesibas\" rel=\"nofollow noopener\">\u0161eit<\/a><script async src=\"\/\/www.instagram.com\/embed.js\"><\/script><\/p>\n","protected":false},"excerpt":{"rendered":"Vair\u0101k nek\u0101 30 gadus p\u0113c Sarajevas aplenkuma It\u0101lijas prokurori uzs\u0101ku\u0161i izmekl\u0113\u0161anu par &#8220;snaiperu t\u016bristiem&#8221;, kuri par naudu \u0161\u0101vu\u0161i&hellip;\n","protected":false},"author":2,"featured_media":51100,"comment_status":"","ping_status":"","sticky":false,"template":"","format":"standard","meta":{"footnotes":""},"categories":[14],"tags":[23,57,13984,8787,28,29,32,33,22,2316,30,31,35,39,38,36,37,34,40,20,26,27,24,25,54,55,56,21,58],"class_list":{"0":"post-51099","1":"post","2":"type-post","3":"status-publish","4":"format-standard","5":"has-post-thumbnail","7":"category-zinas-no-arvalstim","8":"tag-aktualitates","9":"tag-arvalstim","10":"tag-bosnija","11":"tag-bosnija-un-hercegovina","12":"tag-breaking-news","13":"tag-breakingnews","14":"tag-featured-news","15":"tag-featurednews","16":"tag-headlines","17":"tag-italija","18":"tag-latest-news","19":"tag-latestnews","20":"tag-latvia","21":"tag-latvian","22":"tag-latviesu","23":"tag-latviesu-valoda","24":"tag-latviesuvaloda","25":"tag-latvija","26":"tag-lv","27":"tag-news","28":"tag-popularakas-zinas","29":"tag-popularakaszinas","30":"tag-top-stories","31":"tag-topstories","32":"tag-world","33":"tag-world-news","34":"tag-worldnews","35":"tag-zinas","36":"tag-zinas-no-arvalstim"},"share_on_mastodon":{"url":"https:\/\/pubeurope.com\/@lv\/115560657945848557","error":""},"_links":{"self":[{"href":"https:\/\/www.europesays.com\/lv\/wp-json\/wp\/v2\/posts\/51099","targetHints":{"allow":["GET"]}}],"collection":[{"href":"https:\/\/www.europesays.com\/lv\/wp-json\/wp\/v2\/posts"}],"about":[{"href":"https:\/\/www.europesays.com\/lv\/wp-json\/wp\/v2\/types\/post"}],"author":[{"embeddable":true,"href":"https:\/\/www.europesays.com\/lv\/wp-json\/wp\/v2\/users\/2"}],"replies":[{"embeddable":true,"href":"https:\/\/www.europesays.com\/lv\/wp-json\/wp\/v2\/comments?post=51099"}],"version-history":[{"count":0,"href":"https:\/\/www.europesays.com\/lv\/wp-json\/wp\/v2\/posts\/51099\/revisions"}],"wp:featuredmedia":[{"embeddable":true,"href":"https:\/\/www.europesays.com\/lv\/wp-json\/wp\/v2\/media\/51100"}],"wp:attachment":[{"href":"https:\/\/www.europesays.com\/lv\/wp-json\/wp\/v2\/media?parent=51099"}],"wp:term":[{"taxonomy":"category","embeddable":true,"href":"https:\/\/www.europesays.com\/lv\/wp-json\/wp\/v2\/categories?post=51099"},{"taxonomy":"post_tag","embeddable":true,"href":"https:\/\/www.europesays.com\/lv\/wp-json\/wp\/v2\/tags?post=51099"}],"curies":[{"name":"wp","href":"https:\/\/api.w.org\/{rel}","templated":true}]}}