{"id":51192,"date":"2025-11-16T19:38:08","date_gmt":"2025-11-16T19:38:08","guid":{"rendered":"https:\/\/www.europesays.com\/lv\/51192\/"},"modified":"2025-11-16T19:38:08","modified_gmt":"2025-11-16T19:38:08","slug":"noskaties-%e2%9f%a9-pec-siksna-noraidisanas-seplp-grib-aktivaku-lomu-jauna-padomes-locekla-meklesana","status":"publish","type":"post","link":"https:\/\/www.europesays.com\/lv\/51192\/","title":{"rendered":"NOSKATIES \u27e9 P\u0113c Sik\u0161\u0146a noraid\u012b\u0161anas SEPLP grib akt\u012bv\u0101ku lomu jaun\u0101 padomes locek\u013ca mekl\u0113\u0161an\u0101"},"content":{"rendered":"<p>\u201cMan nebija nekas tie\u0161\u0101m zin\u0101ms, ka tie\u0161i pret mani person\u012bgi ir kaut k\u0101da tik milz\u012bga Unas Klapkalnes nepatika. Tas man tie\u0161\u0101m bija p\u0101rsteigums. P\u0113c tam, kad es jau biju uzvar\u0113jis otro konkursu, tad gan, protams, man s\u0101ka pien\u0101kt inform\u0101cija par to, ka Una Klapkalne run\u0101 ar politi\u0137iem un visp\u0101r ar cilv\u0113kiem par to, k\u0101p\u0113c tas vi\u0146ai nav pie\u0146emami un ka vi\u0146a ies proj\u0101m, ja mani apstiprin\u0101s,\u201d st\u0101sta Siksnis. \u201cUn es vi\u0146ai piezvan\u012bja un teicu: \u201cVai tie\u0161\u0101m, Una, ir tik traki, ka tu ar mani nevari kop\u0101 str\u0101d\u0101t?\u201d Vi\u0146a man atg\u0101din\u0101ja t\u0101s situ\u0101cijas, k\u0101das bija biju\u0161as toreiz, kad m\u0113s sadarboj\u0101mies. Es piekritu, j\u0101, ka mums tie\u0161\u0101m bija da\u017ek\u0101rt t\u0101das nedaudz sare\u017e\u0123\u012bt\u0101kas sarunas. It \u012bpa\u0161i tas bija jaut\u0101jumos par [sabiedrisko mediju] apvieno\u0161anu, kur Una Klapkalne, protams, p\u0101rst\u0101v\u0113ja lielu da\u013cu ar\u012b Radio darbinieku, kuri bija skeptiski pret apvieno\u0161anu. Bet tagad, kad tas viss ir beidzies un aiz muguras, es teicu, ka es neredzu visp\u0101r nevienu jaut\u0101jumu, par ko mums b\u016btu domstarp\u012bbas.\u201d<\/p>\n<p>\u201cde facto\u201d Siksni interv\u0113ja dienu pirms Saeimas balsojuma, kad jau bija skaidrs: visticam\u0101kais izn\u0101kums b\u016bs, ka vi\u0146\u0161 netiks apstiprin\u0101ts SEPLP. Noraid\u012bjumu vi\u0146am jau bija izteiku\u0161as opoz\u012bcijas partijas un ZZS, savuk\u0101rt JV aicin\u0101ja Siksni, lai vi\u0146\u0161 pats atsauc savu kandidat\u016bru, t\u0101 aiztaupot sev nepat\u012bkamu lietu uzklaus\u012b\u0161anu Saeimas debat\u0113s, kam vi\u0146\u0161 gan nepiekrita. Tom\u0113r Klapkalnes aizmugurisko v\u0113r\u0161anos pie politi\u0137iem Siksnis jebkur\u0101 gad\u012bjum\u0101 uzskata par nepie\u0146emamu: \u201cNu visp\u0101r, ja god\u012bgi, man ir \u0161aubas p\u0113c visa \u0161\u012b, kas ir noticis, vai visp\u0101r vi\u0146ai b\u016btu j\u0101b\u016bt sabiedrisk\u0101 medija padom\u0113, vai tur ir viss k\u0101rt\u012bb\u0101 ar t\u0101du v\u0113rt\u012bbu sist\u0113mu \u0161im sabiedrisk\u0101 medija uzrauga amatam.\u201d<\/p>\n","protected":false},"excerpt":{"rendered":"\u201cMan nebija nekas tie\u0161\u0101m zin\u0101ms, ka tie\u0161i pret mani person\u012bgi ir kaut k\u0101da tik milz\u012bga Unas Klapkalnes nepatika.&hellip;\n","protected":false},"author":2,"featured_media":51193,"comment_status":"","ping_status":"","sticky":false,"template":"","format":"standard","meta":{"footnotes":""},"categories":[5],"tags":[23,28,29,685,32,33,22,11331,30,31,35,39,38,36,37,34,40,20,26,27,6891,24,25,21],"class_list":{"0":"post-51192","1":"post","2":"type-post","3":"status-publish","4":"format-standard","5":"has-post-thumbnail","7":"category-aktualitates","8":"tag-aktualitates","9":"tag-breaking-news","10":"tag-breakingnews","11":"tag-de-facto","12":"tag-featured-news","13":"tag-featurednews","14":"tag-headlines","15":"tag-janis-siksnis","16":"tag-latest-news","17":"tag-latestnews","18":"tag-latvia","19":"tag-latvian","20":"tag-latviesu","21":"tag-latviesu-valoda","22":"tag-latviesuvaloda","23":"tag-latvija","24":"tag-lv","25":"tag-news","26":"tag-popularakas-zinas","27":"tag-popularakaszinas","28":"tag-seplp","29":"tag-top-stories","30":"tag-topstories","31":"tag-zinas"},"share_on_mastodon":{"url":"https:\/\/pubeurope.com\/@lv\/115561070874520846","error":""},"_links":{"self":[{"href":"https:\/\/www.europesays.com\/lv\/wp-json\/wp\/v2\/posts\/51192","targetHints":{"allow":["GET"]}}],"collection":[{"href":"https:\/\/www.europesays.com\/lv\/wp-json\/wp\/v2\/posts"}],"about":[{"href":"https:\/\/www.europesays.com\/lv\/wp-json\/wp\/v2\/types\/post"}],"author":[{"embeddable":true,"href":"https:\/\/www.europesays.com\/lv\/wp-json\/wp\/v2\/users\/2"}],"replies":[{"embeddable":true,"href":"https:\/\/www.europesays.com\/lv\/wp-json\/wp\/v2\/comments?post=51192"}],"version-history":[{"count":0,"href":"https:\/\/www.europesays.com\/lv\/wp-json\/wp\/v2\/posts\/51192\/revisions"}],"wp:featuredmedia":[{"embeddable":true,"href":"https:\/\/www.europesays.com\/lv\/wp-json\/wp\/v2\/media\/51193"}],"wp:attachment":[{"href":"https:\/\/www.europesays.com\/lv\/wp-json\/wp\/v2\/media?parent=51192"}],"wp:term":[{"taxonomy":"category","embeddable":true,"href":"https:\/\/www.europesays.com\/lv\/wp-json\/wp\/v2\/categories?post=51192"},{"taxonomy":"post_tag","embeddable":true,"href":"https:\/\/www.europesays.com\/lv\/wp-json\/wp\/v2\/tags?post=51192"}],"curies":[{"name":"wp","href":"https:\/\/api.w.org\/{rel}","templated":true}]}}