{"id":51194,"date":"2025-11-16T19:39:19","date_gmt":"2025-11-16T19:39:19","guid":{"rendered":"https:\/\/www.europesays.com\/lv\/51194\/"},"modified":"2025-11-16T19:39:19","modified_gmt":"2025-11-16T19:39:19","slug":"iepazisim-cilvekus-bez-kuriem-latvijas-stasts-nebutu-pilnigs-lente-lv","status":"publish","type":"post","link":"https:\/\/www.europesays.com\/lv\/51194\/","title":{"rendered":"Iepaz\u012bsim cilv\u0113kus, bez kuriem Latvijas st\u0101sts neb\u016btu piln\u012bgs\u00a0\u2014\u00a0Lente.lv"},"content":{"rendered":"<p>Patriotu ned\u0113\u013cas gaism\u0101: Cilv\u0113ki, kas veido Latvijas st\u0101stu<\/p>\n<p>Novembris, lai ar\u012b bie\u017ei vien apm\u0101cies un pel\u0113c\u012bgs, Latvij\u0101 ienes \u012bpa\u0161u sv\u0113tku un atceres gaismu. Patriotu ned\u0113\u013ca ir laiks, kad m\u0113s, aizdedzot svec\u012bti R\u012bgas 11. novembra krastmal\u0101 vai pulc\u0113joties \u0123imenes lok\u0101 pie sv\u0113tku galda 18. novembr\u012b, svinam savas valsts esam\u012bbu. \u0160is ir ar\u012b mirklis, lai godin\u0101tu un atcer\u0113tos tos izcil individuals, bez kuru ieguld\u012bjuma Latvijas kop\u0113jais st\u0101sts neb\u016btu tik bag\u0101ts un spilgts.<\/p>\n<p>LMT Viedtelev\u012bzija, atz\u012bm\u0113jot Patriotu ned\u0113\u013cu, pied\u0101v\u0101 \u012bpa\u0161u filmu izlasi, kas velt\u012bta cilv\u0113kiem, kuri ar savu darbu, talantu un nelok\u0101mo patriotismu ir atst\u0101ju\u0161i neizdz\u0113\u0161amu v\u0113stures nospiedumu. \u0160\u012bs filmas sniedz dzi\u013cu ieskatu person\u012bb\u0101s, kuru dz\u012bves un sasniegumi ir iedvesmojo\u0161i piem\u0113ri mums visiem.<\/p>\n<p>Varo\u0146i un vizion\u0101ri: Neaizmirstam\u0101s Latvijas person\u012bbas<\/p>\n<p>Latvijas v\u0113sture ir izaukl\u0113jusi daudz talant\u012bgu un drosm\u012bgu cilv\u0113ku. Da\u017ei no vi\u0146iem ir k\u013cuvu\u0161i par tautas varo\u0146iem, citi \u2013 par nepagursto\u0161iem darba zirgiem sav\u0101 jom\u0101, bet v\u0113l citi \u2013 par dzimtenes m\u012blest\u012bbas un nacion\u0101l\u0101s identit\u0101tes nes\u0113jiem. \u0160\u012bs filmas \u013cauj mums tuv\u0101k iepaz\u012bt vi\u0146u dz\u012bvesst\u0101stus, izaicin\u0101jumus un triumfus.<\/p>\n<p>Iedom\u0101jieties t\u0101dus cilv\u0113kus k\u0101 rakstniekus, kas ar v\u0101rdu ir c\u012bn\u012bju\u0161ies par Latvijas neatkar\u012bbu, zin\u0101tniekus, kas ar saviem atkl\u0101jumiem ir vairojusi t\u0101s godu pasaul\u0113, vai m\u0101ksliniekus, kas ar savu dai\u013cradi ir saglab\u0101ju\u0161i latvisko dv\u0113seli. Vai ar\u012b tos, kuri savu dz\u012bvi ir velt\u012bju\u0161i valsts aizst\u0101v\u012bbai un stiprin\u0101\u0161anai. Katra \u0161\u0101da person\u012bba ir k\u0101 spilgta dzirksts, kas kop\u0101 veido varenu Latvijas v\u0113stures ugunskuru.<\/p>\n<p>LMT Viedtelev\u012bzijas sv\u0113tku d\u0101vana skat\u012bt\u0101jiem<\/p>\n<p>LMT Viedtelev\u012bzijas pied\u0101v\u0101t\u0101 filmu izlase Patriotu ned\u0113\u013cas ietvaros ir vair\u0101k nek\u0101 tikai izklaide. T\u0101 ir aicin\u0101jums padom\u0101t par to, ko noz\u012bm\u0113 b\u016bt latvietim, k\u0101da ir m\u016bsu valsts noz\u012bme un k\u0101 m\u0113s katrs varam savu m\u012blest\u012bbu pret Latviju izpaust ikdien\u0101. \u0160\u012bs filmas ir k\u0101 ce\u013cvedis cauri Latvijas pag\u0101tnei, kas pal\u012bdz lab\u0101k izprast tagadni un iedvesmo n\u0101kotnei.<\/p>\n<p>M\u0113s aicin\u0101m ikvienu noskat\u012bties \u0161\u012bs aizraujo\u0161\u0101s filmas, atkl\u0101t sev jaunas un varb\u016bt pat nezin\u0101mas lappuses Latvijas v\u0113stur\u0113 un iepaz\u012bt cilv\u0113kus, kuri peln\u012bju\u0161i m\u016bsu dzi\u013c\u0101ko cie\u0146u un atzin\u012bbu. Lai Patriotu ned\u0113\u013ca ir laiks, kad stiprin\u0101m savu patriotismu un atceramies tos, kas veidoju\u0161i m\u016bsu Latviju!<\/p>\n","protected":false},"excerpt":{"rendered":"Patriotu ned\u0113\u013cas gaism\u0101: Cilv\u0113ki, kas veido Latvijas st\u0101stu Novembris, lai ar\u012b bie\u017ei vien apm\u0101cies un pel\u0113c\u012bgs, Latvij\u0101 ienes&hellip;\n","protected":false},"author":2,"featured_media":51195,"comment_status":"","ping_status":"","sticky":false,"template":"","format":"standard","meta":{"footnotes":""},"categories":[19],"tags":[89,90,35,39,38,14021,36,37,34,14019,7580,14020,40,11266],"class_list":{"0":"post-51194","1":"post","2":"type-post","3":"status-publish","4":"format-standard","5":"has-post-thumbnail","7":"category-izklaide","8":"tag-entertainment","9":"tag-izklaide","10":"tag-latvia","11":"tag-latvian","12":"tag-latviesu","13":"tag-latviesu-patriotisms","14":"tag-latviesu-valoda","15":"tag-latviesuvaloda","16":"tag-latvija","17":"tag-latvijas-personibas","18":"tag-latvijas-vesture","19":"tag-lmt-viedtelevizija","20":"tag-lv","21":"tag-patriotu-nedela"},"share_on_mastodon":{"url":"https:\/\/pubeurope.com\/@lv\/115561074703662391","error":""},"_links":{"self":[{"href":"https:\/\/www.europesays.com\/lv\/wp-json\/wp\/v2\/posts\/51194","targetHints":{"allow":["GET"]}}],"collection":[{"href":"https:\/\/www.europesays.com\/lv\/wp-json\/wp\/v2\/posts"}],"about":[{"href":"https:\/\/www.europesays.com\/lv\/wp-json\/wp\/v2\/types\/post"}],"author":[{"embeddable":true,"href":"https:\/\/www.europesays.com\/lv\/wp-json\/wp\/v2\/users\/2"}],"replies":[{"embeddable":true,"href":"https:\/\/www.europesays.com\/lv\/wp-json\/wp\/v2\/comments?post=51194"}],"version-history":[{"count":0,"href":"https:\/\/www.europesays.com\/lv\/wp-json\/wp\/v2\/posts\/51194\/revisions"}],"wp:featuredmedia":[{"embeddable":true,"href":"https:\/\/www.europesays.com\/lv\/wp-json\/wp\/v2\/media\/51195"}],"wp:attachment":[{"href":"https:\/\/www.europesays.com\/lv\/wp-json\/wp\/v2\/media?parent=51194"}],"wp:term":[{"taxonomy":"category","embeddable":true,"href":"https:\/\/www.europesays.com\/lv\/wp-json\/wp\/v2\/categories?post=51194"},{"taxonomy":"post_tag","embeddable":true,"href":"https:\/\/www.europesays.com\/lv\/wp-json\/wp\/v2\/tags?post=51194"}],"curies":[{"name":"wp","href":"https:\/\/api.w.org\/{rel}","templated":true}]}}