{"id":51196,"date":"2025-11-16T19:44:08","date_gmt":"2025-11-16T19:44:08","guid":{"rendered":"https:\/\/www.europesays.com\/lv\/51196\/"},"modified":"2025-11-16T19:44:08","modified_gmt":"2025-11-16T19:44:08","slug":"video-%e2%9f%a9-informativais-zinojums-par-paradu-norakstisanu-ostam-noslepenots","status":"publish","type":"post","link":"https:\/\/www.europesays.com\/lv\/51196\/","title":{"rendered":"VIDEO \u27e9 Informat\u012bvais zi\u0146ojums par par\u0101du norakst\u012b\u0161anu ost\u0101m noslepenots"},"content":{"rendered":"<p>Pirms skat\u012b\u0161anas Vald\u012bb\u0101 tam j\u0101sa\u0146em akcepts no Satiksmes, Finan\u0161u un Tieslietu ministrijas.<\/p>\n<p>Nek\u0101 person\u012bga r\u012bc\u012bb\u0101 ir non\u0101cis Valai\u0146a noslepenotais dokuments. Taj\u0101 rakst\u012bts, ka Ekonomikas ministrija no &#8220;L\u012bdzek\u013ciem neparedz\u0113tiem gad\u012bjumiem&#8221; prasa pie\u0161\u0137irt 14,8 miljonus eiro, lai piln\u012bb\u0101 dz\u0113stu Ventspils br\u012bvostas par\u0101dus Valsts kasei \u2014 gan pamatsummu, gan procentus par se\u0161iem valsts aizdevumiem.<\/p>\n<p>Zi\u0146ojum\u0101 ministrija 2019. gada ostu reformu nosauc par k\u013c\u016bdainu. Tie\u0161i tas izmantots k\u0101 pamatojums, k\u0101d\u0113\u013c tagad valstij b\u016btu j\u0101noraksta ostas par\u0101di. Dokument\u0101 ir ar\u012b detaliz\u0113ta juridisk\u0101 anal\u012bze, k\u0101 par\u0101du norakst\u012b\u0161anu pasniegt t\u0101, lai tas neizskat\u012btos p\u0113c neat\u013cauta valsts atbalsta. Ministrija pied\u0101v\u0101 p\u0101rkredit\u0113t Ventspils br\u012bvostas 5,047 miljonus eiro lielos aiz\u0146\u0113mumus komercbank\u0101s uz Valsts kasi un p\u0113c tam ar\u012b tos norakst\u012bt. Kop\u0113jais par\u0101du dz\u0113\u0161anas apjoms p\u0101rsniedz 19,8 miljonus eiro.<\/p>\n<p>Ekonomikas ministrija neapst\u0101jas tikai pie Ventspils. Dokuments paredz izstr\u0101d\u0101t likumu, kas \u013cautu dz\u0113st valsts pras\u012bbas ne tikai Ventspils, bet ar\u012b R\u012bgas un Liep\u0101jas ost\u0101m. Tiesa gan detaliz\u0113ti par par\u0101diem anal\u012bze v\u0113rsta tikai Ventspils virzien\u0101.<\/p>\n<p>Ventspils ostas atbalst\u012bt\u0101ji saros\u012bju\u0161ies ar\u012b citu partiju rind\u0101s. R\u012bgas ostas biznesme\u0146a Ainara \u0160lesera Latvija pirmaj\u0101 viet\u0101 biedrs Kristaps Kri\u0161top\u0101ns ideju atlaist Ventspils par\u0101dus pied\u0101v\u0101jis k\u0101 priek\u0161likumu n\u0101kam\u0101 gada bud\u017eet\u0101.<\/p>\n<p>Nav izsl\u0113gts, ka Liep\u0101jas un R\u012bgas ostas Ekonomikas ministra noslepenotaj\u0101 dokument\u0101 iek\u013cautas, lai rad\u012btu interesi ar\u012b cit\u0101m partij\u0101m, piem\u0113ram, Apvienotajam sarakstam, kam ir sadarb\u012bba ar Liep\u0101jas partiju.<\/p>\n","protected":false},"excerpt":{"rendered":"Pirms skat\u012b\u0161anas Vald\u012bb\u0101 tam j\u0101sa\u0146em akcepts no Satiksmes, Finan\u0161u un Tieslietu ministrijas. Nek\u0101 person\u012bga r\u012bc\u012bb\u0101 ir non\u0101cis Valai\u0146a&hellip;\n","protected":false},"author":2,"featured_media":51150,"comment_status":"","ping_status":"","sticky":false,"template":"","format":"standard","meta":{"footnotes":""},"categories":[5],"tags":[3146,23,28,29,32,33,22,30,31,35,39,38,36,37,34,40,20,3015,26,27,24,25,21,666],"class_list":{"0":"post-51196","1":"post","2":"type-post","3":"status-publish","4":"format-standard","5":"has-post-thumbnail","7":"category-aktualitates","8":"tag-aivars-lembergs","9":"tag-aktualitates","10":"tag-breaking-news","11":"tag-breakingnews","12":"tag-featured-news","13":"tag-featurednews","14":"tag-headlines","15":"tag-latest-news","16":"tag-latestnews","17":"tag-latvia","18":"tag-latvian","19":"tag-latviesu","20":"tag-latviesu-valoda","21":"tag-latviesuvaloda","22":"tag-latvija","23":"tag-lv","24":"tag-news","25":"tag-osta","26":"tag-popularakas-zinas","27":"tag-popularakaszinas","28":"tag-top-stories","29":"tag-topstories","30":"tag-zinas","31":"tag-zzs"},"share_on_mastodon":{"url":"https:\/\/pubeurope.com\/@lv\/115561094502390431","error":""},"_links":{"self":[{"href":"https:\/\/www.europesays.com\/lv\/wp-json\/wp\/v2\/posts\/51196","targetHints":{"allow":["GET"]}}],"collection":[{"href":"https:\/\/www.europesays.com\/lv\/wp-json\/wp\/v2\/posts"}],"about":[{"href":"https:\/\/www.europesays.com\/lv\/wp-json\/wp\/v2\/types\/post"}],"author":[{"embeddable":true,"href":"https:\/\/www.europesays.com\/lv\/wp-json\/wp\/v2\/users\/2"}],"replies":[{"embeddable":true,"href":"https:\/\/www.europesays.com\/lv\/wp-json\/wp\/v2\/comments?post=51196"}],"version-history":[{"count":0,"href":"https:\/\/www.europesays.com\/lv\/wp-json\/wp\/v2\/posts\/51196\/revisions"}],"wp:featuredmedia":[{"embeddable":true,"href":"https:\/\/www.europesays.com\/lv\/wp-json\/wp\/v2\/media\/51150"}],"wp:attachment":[{"href":"https:\/\/www.europesays.com\/lv\/wp-json\/wp\/v2\/media?parent=51196"}],"wp:term":[{"taxonomy":"category","embeddable":true,"href":"https:\/\/www.europesays.com\/lv\/wp-json\/wp\/v2\/categories?post=51196"},{"taxonomy":"post_tag","embeddable":true,"href":"https:\/\/www.europesays.com\/lv\/wp-json\/wp\/v2\/tags?post=51196"}],"curies":[{"name":"wp","href":"https:\/\/api.w.org\/{rel}","templated":true}]}}