{"id":51203,"date":"2025-11-16T20:06:08","date_gmt":"2025-11-16T20:06:08","guid":{"rendered":"https:\/\/www.europesays.com\/lv\/51203\/"},"modified":"2025-11-16T20:06:08","modified_gmt":"2025-11-16T20:06:08","slug":"latvijas-jauniesi-gatavi-izpildit-uzdevumus-kas-nak-no-maskavas-pat-par-15-eiro","status":"publish","type":"post","link":"https:\/\/www.europesays.com\/lv\/51203\/","title":{"rendered":"Latvijas jaunie\u0161i gatavi izpild\u012bt uzdevumus, kas n\u0101k no Maskavas, pat par 15 eiro"},"content":{"rendered":"<p>Igaunijas Iek\u0161\u0113j\u0101s dro\u0161\u012bbas instit\u016bta vad\u012bt\u0101js Erki Korts piebilst: visticam\u0101k, Besedinam n\u0101ca pavisam konkr\u0113tas instrukcijas. Piem\u0113ram, par to, k\u0101 r\u012bkoties, k\u0101dus st\u0101stus public\u0113t, par k\u0101diem jaut\u0101jumiem run\u0101t un, iesp\u0113jams, k\u0101di politiskie virzieni j\u0101atbalsta.<\/p>\n<p>\u0160o scen\u0101riju atpaz\u012bst Latvijas pilsonis Marats Kasems, kur\u0161 agr\u0101k str\u0101d\u0101ja Krievijas propagandas medij\u0101 \u201cSputnik Lietuva\u201d par galveno redaktoru. Kad Valsts dro\u0161\u012bbas dienests vi\u0146u aiztur\u0113ja, vi\u0146\u0161 savu vainu atzina, bet tagad pats atmasko Krem\u013ca propagandas pa\u0146\u0113mienus soci\u0101lajos medijos. Besedina kop\u0113jais sekot\u0101ju skaits soci\u0101laj\u0101s platform\u0101s \u2013 Youtube un Facebook \u2013 esot bijis ap 250 t\u016bksto\u0161iem cilv\u0113ku, tostarp \u2013 no Latvijas. Un \u0161is var\u0113tu b\u016bt nopietns trieciens Krem\u013ca propagandai. Kasems skaidrojis, k\u0101p\u0113c.<\/p>\n<p>\u201cPiem\u0113ram, Youtube vai citas Rietumu platformas blo\u0137\u0113 Krievijas propagandistus. Bet propagandistus tas neaptur. Vi\u0146i s\u0101k veidot jaunus kan\u0101lus. (..) T\u0101p\u0113c, kad k\u0101dam, nezinu, Samu\u013cam, Mamikinam, k\u0101dam citam ir blo\u0137\u0113ti vi\u0146u konti, vi\u0146i atn\u0101k ciemos raid\u012bjum\u0101 pie Besedina, piem\u0113ram, vi\u0146am ir liela auditorija, un vi\u0146i reklam\u0113 savu jauno kan\u0101lu. Vi\u0146i saka \u2013 redziet, mums ir izveidots jauns kan\u0101ls. M\u016bs neviens neaptur\u0113s,\u201d kl\u0101st\u012bja Marats Kasems.<\/p>\n<p>\u0160\u012b gada febru\u0101r\u012b Marats Kasems ir public\u0113jis inform\u0101ciju par Krievijas NVS instit\u016bta r\u012bkoto konferenci, kas ir notikusi tie\u0161saist\u0113. Konferences ierakst\u0101 uz \u012bsu br\u012bdi starp run\u0101t\u0101jiem ir par\u0101d\u012bjies ar\u012b Besedins, kur\u0161 neform\u0101l\u0101 sarun\u0101 spriedis, ka visu konferences ierakstu nedr\u012bkstot public\u0113t, jo tas draud ar arestu tiem, kas neatrodas Krievij\u0101.<\/p>\n","protected":false},"excerpt":{"rendered":"Igaunijas Iek\u0161\u0113j\u0101s dro\u0161\u012bbas instit\u016bta vad\u012bt\u0101js Erki Korts piebilst: visticam\u0101k, Besedinam n\u0101ca pavisam konkr\u0113tas instrukcijas. Piem\u0113ram, par to, k\u0101&hellip;\n","protected":false},"author":2,"featured_media":51204,"comment_status":"","ping_status":"","sticky":false,"template":"","format":"standard","meta":{"footnotes":""},"categories":[14],"tags":[23,57,3700,28,29,685,32,33,22,1571,234,30,31,35,39,38,36,37,34,40,20,26,27,24,25,54,55,56,21,58],"class_list":{"0":"post-51203","1":"post","2":"type-post","3":"status-publish","4":"format-standard","5":"has-post-thumbnail","7":"category-zinas-no-arvalstim","8":"tag-aktualitates","9":"tag-arvalstim","10":"tag-autoritarisma-ena-par-eiropu","11":"tag-breaking-news","12":"tag-breakingnews","13":"tag-de-facto","14":"tag-featured-news","15":"tag-featurednews","16":"tag-headlines","17":"tag-hibridkars","18":"tag-krievija","19":"tag-latest-news","20":"tag-latestnews","21":"tag-latvia","22":"tag-latvian","23":"tag-latviesu","24":"tag-latviesu-valoda","25":"tag-latviesuvaloda","26":"tag-latvija","27":"tag-lv","28":"tag-news","29":"tag-popularakas-zinas","30":"tag-popularakaszinas","31":"tag-top-stories","32":"tag-topstories","33":"tag-world","34":"tag-world-news","35":"tag-worldnews","36":"tag-zinas","37":"tag-zinas-no-arvalstim"},"share_on_mastodon":{"url":"https:\/\/pubeurope.com\/@lv\/115561180887810693","error":""},"_links":{"self":[{"href":"https:\/\/www.europesays.com\/lv\/wp-json\/wp\/v2\/posts\/51203","targetHints":{"allow":["GET"]}}],"collection":[{"href":"https:\/\/www.europesays.com\/lv\/wp-json\/wp\/v2\/posts"}],"about":[{"href":"https:\/\/www.europesays.com\/lv\/wp-json\/wp\/v2\/types\/post"}],"author":[{"embeddable":true,"href":"https:\/\/www.europesays.com\/lv\/wp-json\/wp\/v2\/users\/2"}],"replies":[{"embeddable":true,"href":"https:\/\/www.europesays.com\/lv\/wp-json\/wp\/v2\/comments?post=51203"}],"version-history":[{"count":0,"href":"https:\/\/www.europesays.com\/lv\/wp-json\/wp\/v2\/posts\/51203\/revisions"}],"wp:featuredmedia":[{"embeddable":true,"href":"https:\/\/www.europesays.com\/lv\/wp-json\/wp\/v2\/media\/51204"}],"wp:attachment":[{"href":"https:\/\/www.europesays.com\/lv\/wp-json\/wp\/v2\/media?parent=51203"}],"wp:term":[{"taxonomy":"category","embeddable":true,"href":"https:\/\/www.europesays.com\/lv\/wp-json\/wp\/v2\/categories?post=51203"},{"taxonomy":"post_tag","embeddable":true,"href":"https:\/\/www.europesays.com\/lv\/wp-json\/wp\/v2\/tags?post=51203"}],"curies":[{"name":"wp","href":"https:\/\/api.w.org\/{rel}","templated":true}]}}