{"id":51223,"date":"2025-11-16T21:07:08","date_gmt":"2025-11-16T21:07:08","guid":{"rendered":"https:\/\/www.europesays.com\/lv\/51223\/"},"modified":"2025-11-16T21:07:08","modified_gmt":"2025-11-16T21:07:08","slug":"video-%e2%9f%a9-tiesneses-nomainu-olainfarm-lieta-verte-tiesnesu-etikas-komisija-un-apspriedis-tieslietu-padome","status":"publish","type":"post","link":"https:\/\/www.europesays.com\/lv\/51223\/","title":{"rendered":"VIDEO \u27e9 Tiesneses nomai\u0146u &#8220;Olainfarm&#8221; liet\u0101 v\u0113rt\u0113 Tiesne\u0161u \u0113tikas komisija un apspried\u012bs Tieslietu padome"},"content":{"rendered":"<p>T\u0101d\u0113\u013c priek\u0161s\u0113d\u0113t\u0101ja l\u0113ma nomain\u012bt tiesnesi. \u0160oned\u0113\u013c otra s\u0113de liet\u0101 notika Abrenes ielas \u0113k\u0101, telp\u0101, kur savulaik skat\u012bja ar\u012b t\u0101 saukto Lemberga lietu.<\/p>\n<p>Jaunais tiesnesis Imants Dzenis darbu s\u0101ka, noraidot aizst\u0101v\u012bbas l\u016bgumu izbeigt lietu vai vismaz to sadal\u012bt div\u0101s da\u013c\u0101s, vienu nododot skat\u012b\u0161anai \u010cehij\u0101.<\/p>\n<p>Tikm\u0113r bezprecedenta tiesne\u0161a nomai\u0146a jau p\u0113c lietas skat\u012b\u0161anas s\u0101k\u0161anas nozar\u0113 nav palikusi nepaman\u012bta. P\u0113c &#8220;Nek\u0101 person\u012bga&#8221; si\u017eeta Tieslietu ministrija R\u012bgas pils\u0113tas tiesas priek\u0161s\u0113d\u0113t\u0101jai piepras\u012bja paskaidrojumu. P\u0113c t\u0101 sa\u0146em\u0161anas tieslietu ministre v\u0113rsusies Tieslietu padom\u0113, aicinot v\u0113rt\u0113t Briedes r\u012bc\u012bbu.<\/p>\n<p>Paral\u0113li \u0161o gad\u012bjumu v\u0113rt\u0113s ar\u012b Tiesne\u0161u \u0113tikas komisija. T\u0101 ar \u0161\u0101diem gad\u012bjumiem iepriek\u0161 neesot sask\u0101rusies.<\/p>\n<p>Saska\u0146\u0101 ar likumu, tiesas vad\u012bt\u0101js dr\u012bkst p\u0101rdal\u012bt lietu citam tiesnesim tikai atsevi\u0161\u0137os gad\u012bjumos.<\/p>\n<p>Tieslietu padom\u0113 piedal\u0101s Saeimas Juridisk\u0101s komisijas vad\u012bt\u0101js, kas \u0161obr\u012bd ir Andrejs Judins. Vi\u0146\u0161 uzsver, ka pa\u0161iem tiesne\u0161iem j\u0101tiek skaidr\u012bb\u0101, vai \u0161aj\u0101 gad\u012bjum\u0101 likums interpret\u0113ts pareizi. Ja t\u0101, tad n\u0101kotn\u0113 likums b\u016btu j\u0101maina.<\/p>\n<p>Tieslietu padom\u0113 l\u012bdzdarbojas ar\u012b Advok\u0101tu padomes vad\u012bt\u0101js. Tas \u0161obr\u012bd ir Saulvedis V\u0101rpi\u0146\u0161. Vi\u0146\u0161 ir aizst\u0101vis <a href=\"https:\/\/www.apollo.lv\/term\/531439\/olainfarm\" class=\"topicLink\" target=\"_blank\" rel=\"nofollow noopener\">Olainfarm<\/a> krimin\u0101lliet\u0101 un bija tas, kur\u0161 tiesnesei pieteica noraid\u012bjumu.<\/p>\n<p>Tiesne\u0161u \u0113tikas komisija par situ\u0101ciju lems jau \u0161\u012b m\u0113ne\u0161a beig\u0101s. Visi iesaist\u012btie atz\u012bst &#8211; to sare\u017e\u0123\u012b fakts, ka turpin\u0101s krimin\u0101llietas izskat\u012b\u0161ana, ko vi\u0146i nev\u0113las ietekm\u0113t. Tikm\u0113r \u0161oned\u0113\u013c aizst\u0101v\u012bbas liecinieks Olainfarm pirms tiesas s\u0113des prokuroram un tiesnesim dal\u012bja materi\u0101lus par cietu\u0161o pusi, radot augsni t\u0101l\u0101k\u0101m spekul\u0101cij\u0101m par tiesas ietekm\u0113\u0161anu.<\/p>\n","protected":false},"excerpt":{"rendered":"T\u0101d\u0113\u013c priek\u0161s\u0113d\u0113t\u0101ja l\u0113ma nomain\u012bt tiesnesi. \u0160oned\u0113\u013c otra s\u0113de liet\u0101 notika Abrenes ielas \u0113k\u0101, telp\u0101, kur savulaik skat\u012bja ar\u012b&hellip;\n","protected":false},"author":2,"featured_media":51135,"comment_status":"","ping_status":"","sticky":false,"template":"","format":"standard","meta":{"footnotes":""},"categories":[12],"tags":[23,28,29,32,33,22,30,31,35,39,38,36,37,34,40,20,13998,26,27,375,11878,24,25,21],"class_list":{"0":"post-51223","1":"post","2":"type-post","3":"status-publish","4":"format-standard","5":"has-post-thumbnail","7":"category-latvija","8":"tag-aktualitates","9":"tag-breaking-news","10":"tag-breakingnews","11":"tag-featured-news","12":"tag-featurednews","13":"tag-headlines","14":"tag-latest-news","15":"tag-latestnews","16":"tag-latvia","17":"tag-latvian","18":"tag-latviesu","19":"tag-latviesu-valoda","20":"tag-latviesuvaloda","21":"tag-latvija","22":"tag-lv","23":"tag-news","24":"tag-olainfarm","25":"tag-popularakas-zinas","26":"tag-popularakaszinas","27":"tag-tiesa","28":"tag-tiesnesi","29":"tag-top-stories","30":"tag-topstories","31":"tag-zinas"},"share_on_mastodon":{"url":"https:\/\/pubeurope.com\/@lv\/115561420774334121","error":""},"_links":{"self":[{"href":"https:\/\/www.europesays.com\/lv\/wp-json\/wp\/v2\/posts\/51223","targetHints":{"allow":["GET"]}}],"collection":[{"href":"https:\/\/www.europesays.com\/lv\/wp-json\/wp\/v2\/posts"}],"about":[{"href":"https:\/\/www.europesays.com\/lv\/wp-json\/wp\/v2\/types\/post"}],"author":[{"embeddable":true,"href":"https:\/\/www.europesays.com\/lv\/wp-json\/wp\/v2\/users\/2"}],"replies":[{"embeddable":true,"href":"https:\/\/www.europesays.com\/lv\/wp-json\/wp\/v2\/comments?post=51223"}],"version-history":[{"count":0,"href":"https:\/\/www.europesays.com\/lv\/wp-json\/wp\/v2\/posts\/51223\/revisions"}],"wp:featuredmedia":[{"embeddable":true,"href":"https:\/\/www.europesays.com\/lv\/wp-json\/wp\/v2\/media\/51135"}],"wp:attachment":[{"href":"https:\/\/www.europesays.com\/lv\/wp-json\/wp\/v2\/media?parent=51223"}],"wp:term":[{"taxonomy":"category","embeddable":true,"href":"https:\/\/www.europesays.com\/lv\/wp-json\/wp\/v2\/categories?post=51223"},{"taxonomy":"post_tag","embeddable":true,"href":"https:\/\/www.europesays.com\/lv\/wp-json\/wp\/v2\/tags?post=51223"}],"curies":[{"name":"wp","href":"https:\/\/api.w.org\/{rel}","templated":true}]}}