{"id":51234,"date":"2025-11-16T22:09:06","date_gmt":"2025-11-16T22:09:06","guid":{"rendered":"https:\/\/www.europesays.com\/lv\/51234\/"},"modified":"2025-11-16T22:09:06","modified_gmt":"2025-11-16T22:09:06","slug":"vella-kalpi-padomju-dzinsi-un-kino-klasika-ko-skatities-valsts-svetkos","status":"publish","type":"post","link":"https:\/\/www.europesays.com\/lv\/51234\/","title":{"rendered":"&#8220;Vella kalpi&#8221;, &#8220;Padomju d\u017einsi&#8221; un kino klasika: ko skat\u012bties valsts sv\u0113tkos?"},"content":{"rendered":"<p>Sv\u0113tku noska\u0146ojumu TV3 kan\u0101l\u0101 var\u0113s sajust jau 17. novembr\u012b, kad b\u016bs skat\u0101mas ne vien abas &#8220;Vella kalpu&#8221; kinolentes, bet ar\u012b filmas &#8220;Vec\u0101 d\u0101rza nosl\u0113pums&#8221;, &#8220;Sl\u0101pes&#8221; un &#8220;Nameja gredzens&#8221;.<\/p>\n<p><img decoding=\"async\" class=\"figure__image\" onclick=\"triggerEvent('articleImageClick', { id: 17276354, focus: 'single-image', focusIndex: '17276354' })\" onkeydown=\"if (event.key === 'Enter') {&#10;        triggerEvent('articleImageClick', { id: 17276354, focus: 'single-image', focusIndex: '17276354' })&#10;        }\" role=\"button\" tabindex=\"0\" data-focus-from=\"single-image\" data-focus-index=\"17276354\" src=\"https:\/\/www.europesays.com\/lv\/wp-content\/uploads\/2025\/11\/17276354t1h61ad.jpg\" onload=\"this.parentElement.classList.remove('figure__image-loading')\" alt=\"&quot;Sl\u0101pes&quot;\"\/>&#8220;Sl\u0101pes&#8221; Foto: Publicit\u0101tes foto<\/p>\n<p>Valsts sv\u0113tku atmosf\u0113ru ar ball\u012bti ieraksta form\u0101t\u0101 rad\u012bs koncerts &#8220;\u012ast\u0101 s\u0101lsmaize. Izlase&#8221;, kur\u0101 Nacion\u0101l\u0101 te\u0101tra aktieri no skatuves p\u0101rcelsies uz skat\u012bt\u0101ju kr\u0113sliem, bet m\u016bzi\u0137i ierast\u0101s skatuves bedres viet\u0101 ie\u0146ems pirmo balkonu.<\/p>\n<blockquote class=\"quote ck-widget\" contenteditable=\"false\">\n<p>Vakara turpin\u0101jum\u0101 redz\u0113sim \u0161ova &#8220;Saimnieks mekl\u0113 sievu&#8221; sezonas nosl\u0113guma epizodi, kur\u0101 Baiba Sipeniece-Gavare apciemos saimniekus, lai noskaidrotu, k\u0101 vi\u0146iem sokas sav\u0101s saimniec\u012bb\u0101s un priv\u0101taj\u0101 dz\u012bv\u0113 p\u0113c \u0161ova.<\/p>\n<\/blockquote>\n<p>Savuk\u0101rt 18. novembr\u012b jau pirms saull\u0113kta turpin\u0101sies izcilu latvie\u0161u kino klasikas paraugu plej\u0101de: &#8220;Spr\u012bd\u012btis&#8221;, &#8220;Cilv\u0113ka b\u0113rns&#8221;, &#8220;Ezera son\u0101te&#8221;, &#8220;Elpojiet dzi\u013ci&#8221;, &#8220;T\u0101s dull\u0101s Paul\u012bnes d\u0113\u013c&#8221;.<\/p>\n<p>Vakar\u0101 pirmizr\u0101di TV3 piedz\u012bvos dokument\u0101l\u0101 filma &#8220;Rihards Snikus. J\u0101tnieka balss&#8221; &#8211; aizkustino\u0161s biogr\u0101fisks st\u0101sts par divk\u0101rt\u0113jo paralimpisko \u010dempionu Rihardu Sniku, kas \u013caus iejusties galven\u0101 varo\u0146a pasaul\u0113, iedvesmojoties no vi\u0146a sp\u0113ka un neatlaid\u012bbas.<\/p>\n<blockquote class=\"quote ck-widget\" contenteditable=\"false\">\n<p>TV3 valsts sv\u0113tku programmas galvenais notikums b\u016bs &#8220;Latvijas Lepnuma 2025&#8221; svin\u012bg\u0101 godin\u0101\u0161anas ceremonija.<\/p>\n<\/blockquote>\n","protected":false},"excerpt":{"rendered":"Sv\u0113tku noska\u0146ojumu TV3 kan\u0101l\u0101 var\u0113s sajust jau 17. novembr\u012b, kad b\u016bs skat\u0101mas ne vien abas &#8220;Vella kalpu&#8221; kinolentes,&hellip;\n","protected":false},"author":2,"featured_media":51235,"comment_status":"","ping_status":"","sticky":false,"template":"","format":"standard","meta":{"footnotes":""},"categories":[19],"tags":[89,90,35,39,38,36,37,34,40,11266],"class_list":{"0":"post-51234","1":"post","2":"type-post","3":"status-publish","4":"format-standard","5":"has-post-thumbnail","7":"category-izklaide","8":"tag-entertainment","9":"tag-izklaide","10":"tag-latvia","11":"tag-latvian","12":"tag-latviesu","13":"tag-latviesu-valoda","14":"tag-latviesuvaloda","15":"tag-latvija","16":"tag-lv","17":"tag-patriotu-nedela"},"share_on_mastodon":{"url":"https:\/\/pubeurope.com\/@lv\/115561664629764313","error":""},"_links":{"self":[{"href":"https:\/\/www.europesays.com\/lv\/wp-json\/wp\/v2\/posts\/51234","targetHints":{"allow":["GET"]}}],"collection":[{"href":"https:\/\/www.europesays.com\/lv\/wp-json\/wp\/v2\/posts"}],"about":[{"href":"https:\/\/www.europesays.com\/lv\/wp-json\/wp\/v2\/types\/post"}],"author":[{"embeddable":true,"href":"https:\/\/www.europesays.com\/lv\/wp-json\/wp\/v2\/users\/2"}],"replies":[{"embeddable":true,"href":"https:\/\/www.europesays.com\/lv\/wp-json\/wp\/v2\/comments?post=51234"}],"version-history":[{"count":0,"href":"https:\/\/www.europesays.com\/lv\/wp-json\/wp\/v2\/posts\/51234\/revisions"}],"wp:featuredmedia":[{"embeddable":true,"href":"https:\/\/www.europesays.com\/lv\/wp-json\/wp\/v2\/media\/51235"}],"wp:attachment":[{"href":"https:\/\/www.europesays.com\/lv\/wp-json\/wp\/v2\/media?parent=51234"}],"wp:term":[{"taxonomy":"category","embeddable":true,"href":"https:\/\/www.europesays.com\/lv\/wp-json\/wp\/v2\/categories?post=51234"},{"taxonomy":"post_tag","embeddable":true,"href":"https:\/\/www.europesays.com\/lv\/wp-json\/wp\/v2\/tags?post=51234"}],"curies":[{"name":"wp","href":"https:\/\/api.w.org\/{rel}","templated":true}]}}