{"id":51249,"date":"2025-11-16T22:32:21","date_gmt":"2025-11-16T22:32:21","guid":{"rendered":"https:\/\/www.europesays.com\/lv\/51249\/"},"modified":"2025-11-16T22:32:21","modified_gmt":"2025-11-16T22:32:21","slug":"ko-atklaj-bijusa-rakus-vaditaja-stanevica-deklaracija","status":"publish","type":"post","link":"https:\/\/www.europesays.com\/lv\/51249\/","title":{"rendered":"ko atkl\u0101j biju\u0161\u0101 RAKUS vad\u012bt\u0101ja Sta\u0146\u0113vi\u010da deklar\u0101cija?"},"content":{"rendered":"<p>Sta\u0146\u0113vi\u010ds l\u012bdz 23. maijam bijis ar\u012b Paula Stradi\u0146a kl\u012bnisk\u0101s universit\u0101tes padomes priek\u0161s\u0113d\u0113t\u0101js, \u0161aj\u0101 amat\u0101 nopelnot 14 226 eiro.<\/p>\n<p>Atst\u0101jot amatu <a href=\"https:\/\/www.tvnet.lv\/term\/570946\/rakus\" class=\"topicLink\" target=\"_blank\" rel=\"nofollow noopener\">RAKUS<\/a>, Sta\u0146\u0113vi\u010da lieto\u0161an\u0101 bija zeme un \u0113kas R\u012bg\u0101, divi ieguld\u012bjumu fondi 190 157 eiro v\u0113rt\u012bb\u0101 un tr\u012bs citi finan\u0161u instrumenti 426 eiro v\u0113rt\u012bb\u0101. Sta\u0146\u0113vi\u010dam bija ar\u012b ieguld\u012bjumi priv\u0101tajos pensiju fondos un dz\u012bv\u012bbas apdro\u0161in\u0101\u0161ana ar l\u012bdzek\u013cu uzkr\u0101\u0161anu.<\/p>\n<p>Sta\u0146\u0113vi\u010da \u012bpa\u0161um\u0101 bija 2014. gada vieglais pasa\u017eieru auto &#8220;Subaru WRX&#8221;, savuk\u0101rt vi\u0146a vald\u012bjum\u0101 bija 2023. gada izlaiduma vieglais elektroautomobilis &#8220;VW ID.3 Pro&#8221;, 2021. gada izlaiduma luksus automobilis &#8220;Porsche Macan&#8221; un 2015. gada izlaiduma vieglais auto &#8220;Audi Q5&#8221;.<\/p>\n<p>Sta\u0146\u0113vi\u010da bezskaidr\u0101s naudas uzkr\u0101juma summa &#8220;Swedbank&#8221; maija beig\u0101s bija 20 422 eiro, savuk\u0101rt bank\u0101 &#8220;Citadele&#8221; uzkr\u0101ti 942 eiro. L\u012bdztekus vi\u0146\u0161 deklar\u0113jis par\u0101dsaist\u012bbas 69 869 eiro apm\u0113r\u0101, k\u0101 ar\u012b izsniegtu 14 100 eiro aizdevumu.<\/p>\n<p>K\u0101 v\u0113st\u012bts, Sta\u0146\u0113vi\u010ds par atk\u0101p\u0161anos no RAKUS valdes priek\u0161s\u0113d\u0113t\u0101ja un PSKUS padomes priek\u0161s\u0113d\u0113t\u0101ja amata pazi\u0146oja maij\u0101. Vi\u0146\u0161 RAKUS vad\u012bja kop\u0161 2023. gada 27. apr\u012b\u013ca un \u0161\u0101du l\u0113mumu esot pie\u0146\u0113mis, nesp\u0113jot konstrukt\u012bvi sadarboties ar RAKUS padomi, k\u0101 ar\u012b at\u0161\u0137ir\u012bgas vesel\u012bbas nozares n\u0101kotnes v\u012bzijas d\u0113\u013c.<\/p>\n<p>RAKUS biju\u0161ais valdes priek\u0161s\u0113d\u0113t\u0101js iecelts alkoholisko dz\u0113rienu ra\u017eot\u0101ja &#8220;Amber Beverage Group&#8221; izpilddirektora amat\u0101, liecina grupas pazi\u0146ojums bir\u017eai &#8220;Nasdaq Riga&#8221;.<\/p>\n","protected":false},"excerpt":{"rendered":"Sta\u0146\u0113vi\u010ds l\u012bdz 23. maijam bijis ar\u012b Paula Stradi\u0146a kl\u012bnisk\u0101s universit\u0101tes padomes priek\u0161s\u0113d\u0113t\u0101js, \u0161aj\u0101 amat\u0101 nopelnot 14 226 eiro.&hellip;\n","protected":false},"author":2,"featured_media":51250,"comment_status":"","ping_status":"","sticky":false,"template":"","format":"standard","meta":{"footnotes":""},"categories":[5],"tags":[23,28,29,32,33,22,30,31,35,39,38,36,37,34,40,20,14036,26,27,14035,24,25,21],"class_list":{"0":"post-51249","1":"post","2":"type-post","3":"status-publish","4":"format-standard","5":"has-post-thumbnail","7":"category-aktualitates","8":"tag-aktualitates","9":"tag-breaking-news","10":"tag-breakingnews","11":"tag-featured-news","12":"tag-featurednews","13":"tag-headlines","14":"tag-latest-news","15":"tag-latestnews","16":"tag-latvia","17":"tag-latvian","18":"tag-latviesu","19":"tag-latviesu-valoda","20":"tag-latviesuvaloda","21":"tag-latvija","22":"tag-lv","23":"tag-news","24":"tag-normunds-stanevics","25":"tag-popularakas-zinas","26":"tag-popularakaszinas","27":"tag-rakus","28":"tag-top-stories","29":"tag-topstories","30":"tag-zinas"},"share_on_mastodon":{"url":"https:\/\/pubeurope.com\/@lv\/115561755145399884","error":""},"_links":{"self":[{"href":"https:\/\/www.europesays.com\/lv\/wp-json\/wp\/v2\/posts\/51249","targetHints":{"allow":["GET"]}}],"collection":[{"href":"https:\/\/www.europesays.com\/lv\/wp-json\/wp\/v2\/posts"}],"about":[{"href":"https:\/\/www.europesays.com\/lv\/wp-json\/wp\/v2\/types\/post"}],"author":[{"embeddable":true,"href":"https:\/\/www.europesays.com\/lv\/wp-json\/wp\/v2\/users\/2"}],"replies":[{"embeddable":true,"href":"https:\/\/www.europesays.com\/lv\/wp-json\/wp\/v2\/comments?post=51249"}],"version-history":[{"count":0,"href":"https:\/\/www.europesays.com\/lv\/wp-json\/wp\/v2\/posts\/51249\/revisions"}],"wp:featuredmedia":[{"embeddable":true,"href":"https:\/\/www.europesays.com\/lv\/wp-json\/wp\/v2\/media\/51250"}],"wp:attachment":[{"href":"https:\/\/www.europesays.com\/lv\/wp-json\/wp\/v2\/media?parent=51249"}],"wp:term":[{"taxonomy":"category","embeddable":true,"href":"https:\/\/www.europesays.com\/lv\/wp-json\/wp\/v2\/categories?post=51249"},{"taxonomy":"post_tag","embeddable":true,"href":"https:\/\/www.europesays.com\/lv\/wp-json\/wp\/v2\/tags?post=51249"}],"curies":[{"name":"wp","href":"https:\/\/api.w.org\/{rel}","templated":true}]}}