{"id":51281,"date":"2025-11-16T23:33:13","date_gmt":"2025-11-16T23:33:13","guid":{"rendered":"https:\/\/www.europesays.com\/lv\/51281\/"},"modified":"2025-11-16T23:33:13","modified_gmt":"2025-11-16T23:33:13","slug":"grupa-ladezers-svetku-noskanas-laiz-klaja-dziesmu-piesauksana-uz-ojara-vaciesa-dzejas-motiviem-lente-lv","status":"publish","type":"post","link":"https:\/\/www.europesays.com\/lv\/51281\/","title":{"rendered":"Grupa &#8220;L\u0101dezers&#8221; sv\u0113tku noska\u0146\u0101s lai\u017e klaj\u0101 dziesmu &#8220;Piesauk\u0161ana&#8221; uz Oj\u0101ra V\u0101cie\u0161a dzejas mot\u012bviem\u00a0\u2014\u00a0Lente.lv"},"content":{"rendered":"<p>Jauna dziesma sv\u0113tku noska\u0146\u0101s: Grupa &#8220;L\u0101dezers&#8221; atdz\u012bvina Oj\u0101ra V\u0101cie\u0161a dzeju<\/p>\n<p>M\u016bzi\u0137is Ingus Ulmanis un vi\u0146a vad\u012bt\u0101 grupa &#8220;L\u0101dezers&#8221; ir sar\u016bp\u0113ju\u0161i pat\u012bkamu p\u0101rsteigumu visiem Latvijas sv\u0113tku gaid\u0101s \u2013 klaj\u0101 n\u0101kusi jauna dziesma &#8220;Piesauk\u0161ana&#8221;. \u0160is emocion\u0101lais ska\u0146darbs balst\u012bts uz m\u012bl\u0113t\u0101 dzejnieka Oj\u0101ra V\u0101cie\u0161a dai\u013crades mantojumu, radot dzi\u013cu un j\u0113gpilnu sv\u0113tku saj\u016btu.<\/p>\n<p>Dziesmas un dzejas siner\u0123ija<\/p>\n<p>&#8220;Piesauk\u0161ana&#8221; nav tikai dziesma; t\u0101 ir k\u0101 tilts starp laikiem, kur\u0101 m\u016bsdienu m\u016bzikas valoda satiekas ar Oj\u0101ra V\u0101cie\u0161a nenovecojo\u0161o dzejas sp\u0113ku. Ingus Ulmanis, zin\u0101ms ar savu j\u016bt\u012bgo pieeju latvie\u0161u literat\u016brai, ir rad\u012bjis aran\u017e\u0113jumu, kas \u013cauj dzejo\u013ca v\u0101rdiem atdz\u012bvoties ar jaunu elpu. \u0160\u012b sadarb\u012bba ir apliecin\u0101jums tam, k\u0101 kult\u016bras mantojums var tikt interpret\u0113ts un saglab\u0101ts n\u0101kamaj\u0101m paaudz\u0113m, radot dzi\u013cas emocijas klaus\u012bt\u0101jos. Katrs akords un v\u0101rds \u0161\u0137iet r\u016bp\u012bgi izsv\u0113rts, lai atspogu\u013cotu dzejo\u013ca s\u0101kotn\u0113jo noska\u0146u un pievienotu tai m\u016bsdienu interpret\u0101cijas piesk\u0101rienu.<\/p>\n<p>Sv\u0113tku d\u0101vana Latvijai<\/p>\n<p>Grupa &#8220;L\u0101dezers&#8221; ar \u0161o jaunradi sniedz savu sirsn\u012bgo d\u0101vanu Latvijas sv\u0113tku reiz\u0113. &#8220;Piesauk\u0161ana&#8221; ir aicin\u0101jums ikvienam apst\u0101ties mirkli, sajust saknes un nov\u0113rt\u0113t to bag\u0101t\u012bbu, ko mums sniedz latvisk\u0101 identit\u0101te un kult\u016bra. Dziesma ir k\u0101 aicin\u0101jums piesaukt sevi, savu zemi un savas v\u0113rt\u012bbas \u012bpa\u0161\u0101, sv\u0113tku piln\u0101 laik\u0101. T\u0101 ir ener\u0123ija, kas sp\u0113cina un vieno, radot saj\u016btu par kop\u012bbu un pieder\u012bbu savai dzimtenei.<\/p>\n","protected":false},"excerpt":{"rendered":"Jauna dziesma sv\u0113tku noska\u0146\u0101s: Grupa &#8220;L\u0101dezers&#8221; atdz\u012bvina Oj\u0101ra V\u0101cie\u0161a dzeju M\u016bzi\u0137is Ingus Ulmanis un vi\u0146a vad\u012bt\u0101 grupa &#8220;L\u0101dezers&#8221;&hellip;\n","protected":false},"author":2,"featured_media":51282,"comment_status":"","ping_status":"","sticky":false,"template":"","format":"standard","meta":{"footnotes":""},"categories":[19],"tags":[89,14047,90,14046,35,39,38,36,37,34,13809,40,14049,14048],"class_list":{"0":"post-51281","1":"post","2":"type-post","3":"status-publish","4":"format-standard","5":"has-post-thumbnail","7":"category-izklaide","8":"tag-entertainment","9":"tag-ingus-ulmanis","10":"tag-izklaide","11":"tag-ladezers","12":"tag-latvia","13":"tag-latvian","14":"tag-latviesu","15":"tag-latviesu-valoda","16":"tag-latviesuvaloda","17":"tag-latvija","18":"tag-latvijas-svetki","19":"tag-lv","20":"tag-ojars-vacietis","21":"tag-piesauksana"},"share_on_mastodon":{"url":"https:\/\/pubeurope.com\/@lv\/115561995070528588","error":""},"_links":{"self":[{"href":"https:\/\/www.europesays.com\/lv\/wp-json\/wp\/v2\/posts\/51281","targetHints":{"allow":["GET"]}}],"collection":[{"href":"https:\/\/www.europesays.com\/lv\/wp-json\/wp\/v2\/posts"}],"about":[{"href":"https:\/\/www.europesays.com\/lv\/wp-json\/wp\/v2\/types\/post"}],"author":[{"embeddable":true,"href":"https:\/\/www.europesays.com\/lv\/wp-json\/wp\/v2\/users\/2"}],"replies":[{"embeddable":true,"href":"https:\/\/www.europesays.com\/lv\/wp-json\/wp\/v2\/comments?post=51281"}],"version-history":[{"count":0,"href":"https:\/\/www.europesays.com\/lv\/wp-json\/wp\/v2\/posts\/51281\/revisions"}],"wp:featuredmedia":[{"embeddable":true,"href":"https:\/\/www.europesays.com\/lv\/wp-json\/wp\/v2\/media\/51282"}],"wp:attachment":[{"href":"https:\/\/www.europesays.com\/lv\/wp-json\/wp\/v2\/media?parent=51281"}],"wp:term":[{"taxonomy":"category","embeddable":true,"href":"https:\/\/www.europesays.com\/lv\/wp-json\/wp\/v2\/categories?post=51281"},{"taxonomy":"post_tag","embeddable":true,"href":"https:\/\/www.europesays.com\/lv\/wp-json\/wp\/v2\/tags?post=51281"}],"curies":[{"name":"wp","href":"https:\/\/api.w.org\/{rel}","templated":true}]}}