{"id":51298,"date":"2025-11-17T00:30:19","date_gmt":"2025-11-17T00:30:19","guid":{"rendered":"https:\/\/www.europesays.com\/lv\/51298\/"},"modified":"2025-11-17T00:30:19","modified_gmt":"2025-11-17T00:30:19","slug":"ukrainas-iedzivotaju-atbalsta-pasakumiem-latvija-nakamgad-plano-40-miljonus-eiro","status":"publish","type":"post","link":"https:\/\/www.europesays.com\/lv\/51298\/","title":{"rendered":"Ukrainas iedz\u012bvot\u0101ju atbalsta pas\u0101kumiem Latvij\u0101 n\u0101kamgad pl\u0101no 40 miljonus eiro"},"content":{"rendered":"<p>Pl\u0101ns paredz noteikt Ukrainas iedz\u012bvot\u0101jiem sniedzamos atbalsta pas\u0101kumus un apr\u0113\u0137in\u0101t to \u012bsteno\u0161anai nepiecie\u0161amo finans\u0113jumu, nodro\u0161inot atbalsta turpin\u0101\u0161anu no 2026. gada 1. janv\u0101ra.<\/p>\n<p>Anot\u0101cij\u0101 nor\u0101d\u012bts, ka atbalsts ir j\u0101turpina, jo 2025. gad\u0101 Ukrainas iedz\u012bvot\u0101jiem pal\u012bdz\u012bba tiek sniegta saska\u0146\u0101 ar Ukrainas iedz\u012bvot\u0101ju atbalsta likumu un uz t\u0101 pamata izdotajiem normat\u012bvajiem aktiem.<\/p>\n<p>Atbalsta sist\u0113ma tiek \u012bstenota, iev\u0113rojot Eiropas Savien\u012bbas Padomes direkt\u012bvu un ES Padomes \u012bsteno\u0161anas l\u0113mumu, kas pagarin\u0101ja pagaidu aizsardz\u012bbu l\u012bdz 2026. gada 4. martam.<\/p>\n<p>IeM nor\u0101da, ka karadarb\u012bba Ukrain\u0101 turpin\u0101s, uzbrukumi iedz\u012bvot\u0101jiem un infrastrukt\u016brai notiek vis\u0101 Ukrainas teritorij\u0101, un bru\u0146ot\u0101 konflikta eskal\u0101cijas risks saglab\u0101jas augsts. L\u012bdz ar to dro\u0161a atgrie\u0161an\u0101s Ukrain\u0101 2025. gad\u0101 liel\u0101kajai da\u013cai pagaidu aizsardz\u012bbas sa\u0146\u0113m\u0113ju neb\u016bs iesp\u0113jama.<\/p>\n<p>Eiropas Savien\u012bbas Tieslietu un iek\u0161lietu ministru padome 2025. gada j\u016bnij\u0101 vienoj\u0101s pagarin\u0101t pagaidu aizsardz\u012bbu l\u012bdz 2027. gada 4. martam.<\/p>\n<p>Uz 2025. gada 1. novembri Fizisko personu re\u0123istr\u0101 ar der\u012bgu pagaidu aizsardz\u012bbas statusu bija iek\u013cautas 31 281 personas, un iedz\u012bvot\u0101ju pl\u016bsma 2025. gad\u0101 saglab\u0101jas m\u0113rena, m\u0113nes\u012b re\u0123istr\u0113jot vid\u0113ji 500 l\u012bdz 600 jaunu personu. Par valsts bud\u017eeta l\u012bdzek\u013ciem 2025. gad\u0101 bija izmitin\u0101ti 3240 Ukrainas iedz\u012bvot\u0101ji.<\/p>\n","protected":false},"excerpt":{"rendered":"Pl\u0101ns paredz noteikt Ukrainas iedz\u012bvot\u0101jiem sniedzamos atbalsta pas\u0101kumus un apr\u0113\u0137in\u0101t to \u012bsteno\u0161anai nepiecie\u0161amo finans\u0113jumu, nodro\u0161inot atbalsta turpin\u0101\u0161anu no&hellip;\n","protected":false},"author":2,"featured_media":51299,"comment_status":"","ping_status":"","sticky":false,"template":"","format":"standard","meta":{"footnotes":""},"categories":[14],"tags":[23,57,28,29,32,33,22,6604,74,30,31,35,39,38,36,37,34,40,20,26,27,24,25,6751,54,55,56,21,58],"class_list":{"0":"post-51298","1":"post","2":"type-post","3":"status-publish","4":"format-standard","5":"has-post-thumbnail","7":"category-zinas-no-arvalstim","8":"tag-aktualitates","9":"tag-arvalstim","10":"tag-breaking-news","11":"tag-breakingnews","12":"tag-featured-news","13":"tag-featurednews","14":"tag-headlines","15":"tag-iekslietu-ministrija","16":"tag-krievijas-iebrukums-ukraina","17":"tag-latest-news","18":"tag-latestnews","19":"tag-latvia","20":"tag-latvian","21":"tag-latviesu","22":"tag-latviesu-valoda","23":"tag-latviesuvaloda","24":"tag-latvija","25":"tag-lv","26":"tag-news","27":"tag-popularakas-zinas","28":"tag-popularakaszinas","29":"tag-top-stories","30":"tag-topstories","31":"tag-ukrainas-begli","32":"tag-world","33":"tag-world-news","34":"tag-worldnews","35":"tag-zinas","36":"tag-zinas-no-arvalstim"},"share_on_mastodon":{"url":"https:\/\/pubeurope.com\/@lv\/115562219058012274","error":""},"_links":{"self":[{"href":"https:\/\/www.europesays.com\/lv\/wp-json\/wp\/v2\/posts\/51298","targetHints":{"allow":["GET"]}}],"collection":[{"href":"https:\/\/www.europesays.com\/lv\/wp-json\/wp\/v2\/posts"}],"about":[{"href":"https:\/\/www.europesays.com\/lv\/wp-json\/wp\/v2\/types\/post"}],"author":[{"embeddable":true,"href":"https:\/\/www.europesays.com\/lv\/wp-json\/wp\/v2\/users\/2"}],"replies":[{"embeddable":true,"href":"https:\/\/www.europesays.com\/lv\/wp-json\/wp\/v2\/comments?post=51298"}],"version-history":[{"count":0,"href":"https:\/\/www.europesays.com\/lv\/wp-json\/wp\/v2\/posts\/51298\/revisions"}],"wp:featuredmedia":[{"embeddable":true,"href":"https:\/\/www.europesays.com\/lv\/wp-json\/wp\/v2\/media\/51299"}],"wp:attachment":[{"href":"https:\/\/www.europesays.com\/lv\/wp-json\/wp\/v2\/media?parent=51298"}],"wp:term":[{"taxonomy":"category","embeddable":true,"href":"https:\/\/www.europesays.com\/lv\/wp-json\/wp\/v2\/categories?post=51298"},{"taxonomy":"post_tag","embeddable":true,"href":"https:\/\/www.europesays.com\/lv\/wp-json\/wp\/v2\/tags?post=51298"}],"curies":[{"name":"wp","href":"https:\/\/api.w.org\/{rel}","templated":true}]}}