{"id":51300,"date":"2025-11-17T00:31:11","date_gmt":"2025-11-17T00:31:11","guid":{"rendered":"https:\/\/www.europesays.com\/lv\/51300\/"},"modified":"2025-11-17T00:31:11","modified_gmt":"2025-11-17T00:31:11","slug":"rigas-pils-svines-latvijas-dzimsanas-dienu-godinot-vesturiskas-zemes-un-tradicijas-lente-lv","status":"publish","type":"post","link":"https:\/\/www.europesays.com\/lv\/51300\/","title":{"rendered":"R\u012bgas pils svin\u0113s Latvijas dzim\u0161anas dienu, godinot v\u0113sturisk\u0101s zemes un trad\u012bcijas\u00a0\u2014\u00a0Lente.lv"},"content":{"rendered":"<p>Svin\u012bgi godin\u0101s latvie\u0161u v\u0113sturisk\u0101s zemes R\u012bgas pil\u012b<\/p>\n<p>R\u012bt, 18. novembr\u012b, Latvijas Republikas proklam\u0113\u0161anas dien\u0101, R\u012bgas pils k\u013c\u016bs par svin\u012bgu notikumu epicentru, kur\u0101 tiks godin\u0101tas latvie\u0161u v\u0113sturisk\u0101s zemes, to bag\u0101t\u0101 v\u0113sture un dz\u012bv\u0101s trad\u012bcijas. \u0160is pas\u0101kums sola aizraujo\u0161u ieskatu m\u016bsu sen\u010du mantojum\u0101, pied\u0101v\u0101jot daudzpus\u012bgu programmu gan lieliem, gan maziem.<\/p>\n<p>Daudzveid\u012bga programma \u2013 dziesmas, rota\u013cas un amatu prasmes<\/p>\n<p>Gaid\u0101mais pas\u0101kums R\u012bgas pil\u012b pied\u0101v\u0101s kr\u0101\u0161\u0146ainu un izzino\u0161u programmu, kas aizs\u0101ksies jau sv\u0113tku r\u012bt\u0101. Viesi var\u0113s baud\u012bt latvie\u0161u tautasdziesmas un rota\u013cas, kas atdz\u012bvin\u0101s senatnes garu un prieku. Amatu prasmju demonstr\u0113jumi \u013caus kl\u0101tien\u0113 apl\u016bkot un pat izm\u0113\u0123in\u0101t senos amatus, dodot iesp\u0113ju sajust saikni ar m\u016bsu sen\u010diem un vi\u0146u r\u016bp\u012bgi koptaj\u0101m prasm\u0113m. \u0160\u012b pieredze b\u016bs ne tikai izgl\u012btojo\u0161a, bet ar\u012b emocion\u0101li bag\u0101tino\u0161a, \u013caujot katram apmekl\u0113t\u0101jam pieskarties dz\u012bvajai v\u0113sturei.<\/p>\n<p>Izgl\u012btojo\u0161as lekcijas un v\u0113stures liec\u012bbas<\/p>\n<p>Lai padzi\u013cin\u0101tu izpratni par latvie\u0161u v\u0113sturiskaj\u0101m zem\u0113m, pas\u0101kuma ietvaros notiks ar\u012b izzino\u0161as lekcijas. Pieredz\u0113ju\u0161i v\u0113sturnieki un etnogr\u0101fi dal\u012bsies aizraujo\u0161os st\u0101stos un jaun\u0101kajos atkl\u0101jumos par m\u016bsu novadu identit\u0101ti un att\u012bst\u012bbu. Papildus tam b\u016bs skat\u0101ma v\u0113rt\u012bga izst\u0101de, kas ar fotogr\u0101fiju, dokumentu un priek\u0161metu pal\u012bdz\u012bbu ilustr\u0113s katras v\u0113sturisk\u0101s zemes unik\u0101lo ce\u013cu. \u0160\u012b b\u016bs br\u012bni\u0161\u0137\u012bga iesp\u0113ja uzzin\u0101t ko jaunu un apbr\u012bnot m\u016bsu tautas daudzveid\u012bgo kult\u016bras mantojumu, kas veido sp\u0113c\u012bgu pamatu m\u016bsdienu Latvijai.<\/p>\n<p>Jaunas gr\u0101matas atv\u0113r\u0161ana \u2013 \u201cLatvijas kult\u016brvien\u012bbas jeb mazie novadi\u201d<\/p>\n<p>\u012apa\u0161u uzsvars pas\u0101kum\u0101 tiks likts uz Jan\u012bnas Kurs\u012btes jaun\u0101s gr\u0101matas \u201cLatvijas kult\u016brvien\u012bbas jeb mazie novadi\u201d atv\u0113r\u0161anu. \u0160is noz\u012bm\u012bgais darbs sniegs padzi\u013cin\u0101tu ieskatu Latvijas mazajos novados, izce\u013cot to \u012bpa\u0161o kult\u016brvidi, trad\u012bcijas un identit\u0101ti. Gr\u0101mata ir r\u016bp\u012bgi p\u0113t\u012bts un sast\u0101d\u012bts darbs, kas apliecina neatsveramo v\u0113rt\u012bbu katram Latvijas nost\u016brim. T\u0101s atv\u0113r\u0161ana b\u016bs svin\u012bgs br\u012bdis, kas rosin\u0101s diskusijas un iedvesmos turpm\u0101kiem p\u0113t\u012bjumiem par m\u016bsu valsts kult\u016bras daudzveid\u012bbu.<\/p>\n<p>Aicin\u0101jums svin\u0113t kop\u0101 un stiprin\u0101t identit\u0101ti<\/p>\n<p>Pas\u0101kums R\u012bgas pil\u012b ir ne tikai iesp\u0113ja iepaz\u012bt latvie\u0161u v\u0113sturisk\u0101s zemes, bet ar\u012b aicin\u0101jums ikvienam Latvijas iedz\u012bvot\u0101jam un viesim svin\u0113t kop\u0101 Latvijas dzim\u0161anas dienu, stiprinot savu pieder\u012bbas saj\u016btu un nacion\u0101lo identit\u0101ti. \u0160is notikums apliecina, ka Latvija ir ne tikai valsts ar bag\u0101tu v\u0113sturi, bet ar\u012b ar sp\u0113c\u012bgu un dz\u012bvu kult\u016bru, kas sp\u0113j vienot un iedvesmot. Apmekl\u0113jiet R\u012bgas pili 18. novembr\u012b un \u013caujiet sevi aizraut latvie\u0161u v\u0113sturisko zemju st\u0101stos un trad\u012bcij\u0101s!<\/p>\n","protected":false},"excerpt":{"rendered":"Svin\u012bgi godin\u0101s latvie\u0161u v\u0113sturisk\u0101s zemes R\u012bgas pil\u012b R\u012bt, 18. novembr\u012b, Latvijas Republikas proklam\u0113\u0161anas dien\u0101, R\u012bgas pils k\u013c\u016bs par&hellip;\n","protected":false},"author":2,"featured_media":51301,"comment_status":"","ping_status":"","sticky":false,"template":"","format":"standard","meta":{"footnotes":""},"categories":[12],"tags":[23,28,29,32,33,22,14054,30,31,35,39,38,36,14052,37,34,14053,14055,40,20,26,27,3288,24,25,21],"class_list":{"0":"post-51300","1":"post","2":"type-post","3":"status-publish","4":"format-standard","5":"has-post-thumbnail","7":"category-latvija","8":"tag-aktualitates","9":"tag-breaking-news","10":"tag-breakingnews","11":"tag-featured-news","12":"tag-featurednews","13":"tag-headlines","14":"tag-janina-kursite","15":"tag-latest-news","16":"tag-latestnews","17":"tag-latvia","18":"tag-latvian","19":"tag-latviesu","20":"tag-latviesu-valoda","21":"tag-latviesu-vesturiskas-zemes","22":"tag-latviesuvaloda","23":"tag-latvija","24":"tag-latvijas-kulturvienibas","25":"tag-latvijas-tradicijas","26":"tag-lv","27":"tag-news","28":"tag-popularakas-zinas","29":"tag-popularakaszinas","30":"tag-rigas-pils","31":"tag-top-stories","32":"tag-topstories","33":"tag-zinas"},"share_on_mastodon":{"url":"https:\/\/pubeurope.com\/@lv\/115562222969225090","error":""},"_links":{"self":[{"href":"https:\/\/www.europesays.com\/lv\/wp-json\/wp\/v2\/posts\/51300","targetHints":{"allow":["GET"]}}],"collection":[{"href":"https:\/\/www.europesays.com\/lv\/wp-json\/wp\/v2\/posts"}],"about":[{"href":"https:\/\/www.europesays.com\/lv\/wp-json\/wp\/v2\/types\/post"}],"author":[{"embeddable":true,"href":"https:\/\/www.europesays.com\/lv\/wp-json\/wp\/v2\/users\/2"}],"replies":[{"embeddable":true,"href":"https:\/\/www.europesays.com\/lv\/wp-json\/wp\/v2\/comments?post=51300"}],"version-history":[{"count":0,"href":"https:\/\/www.europesays.com\/lv\/wp-json\/wp\/v2\/posts\/51300\/revisions"}],"wp:featuredmedia":[{"embeddable":true,"href":"https:\/\/www.europesays.com\/lv\/wp-json\/wp\/v2\/media\/51301"}],"wp:attachment":[{"href":"https:\/\/www.europesays.com\/lv\/wp-json\/wp\/v2\/media?parent=51300"}],"wp:term":[{"taxonomy":"category","embeddable":true,"href":"https:\/\/www.europesays.com\/lv\/wp-json\/wp\/v2\/categories?post=51300"},{"taxonomy":"post_tag","embeddable":true,"href":"https:\/\/www.europesays.com\/lv\/wp-json\/wp\/v2\/tags?post=51300"}],"curies":[{"name":"wp","href":"https:\/\/api.w.org\/{rel}","templated":true}]}}