{"id":51353,"date":"2025-11-17T03:26:12","date_gmt":"2025-11-17T03:26:12","guid":{"rendered":"https:\/\/www.europesays.com\/lv\/51353\/"},"modified":"2025-11-17T03:26:12","modified_gmt":"2025-11-17T03:26:12","slug":"pratam-un-sirdij-jaunie-jauna-rigas-teatra-rudens-iestudejumi-lente-lv-2","status":"publish","type":"post","link":"https:\/\/www.europesays.com\/lv\/51353\/","title":{"rendered":"Pr\u0101tam un sirdij \u2013 jaunie Jaun\u0101 R\u012bgas te\u0101tra rudens iestud\u0113jumi\u00a0\u2014\u00a0Lente.lv"},"content":{"rendered":"<p>Jaunie Jaun\u0101 R\u012bgas te\u0101tra rudens iestud\u0113jumi<\/p>\n<p>\u0160oruden Jaunais R\u012bgas te\u0101tris (JRT) aicina skat\u012bt\u0101jus uz diviem jaunumiem, kas sol\u0101s uzrun\u0101t \u013coti at\u0161\u0137ir\u012bgu publiku. Izr\u0101des pied\u0101v\u0101 gan dzi\u013ci personiskus, gan pla\u0161\u0101kus soci\u0101lpolitisku tematu apcer\u0113jumus, radot iesp\u0113ju gan pr\u0101tam, gan sirdij atrast ko sev tuvu.<\/p>\n<p>\u00abKritiens aug\u0161up\u00bb: Ce\u013c\u0161 uz sevi caur personisko un profesion\u0101lo<\/p>\n<p>Viens no gaid\u0101majiem jauniestud\u0113jumiem ir \u00abKritiens aug\u0161up\u00bb, kas tapis p\u0113c v\u0101cu rakstnieka Joahima Meierhofa gr\u0101matas mot\u012bviem. Izr\u0101de, ko veido re\u017eisors Alvis Hermanis, piev\u0113r\u0161as aktiera profesijas neb\u016bt ne ro\u017eainajai pusei un apraksta personisku ce\u013cojumu pie mammas. \u0160is darbs ir k\u0101 aicin\u0101jums p\u0101rdom\u0101t savas dz\u012bves virzienu, mekl\u0113jot sp\u0113ku un risin\u0101jumus kr\u012bzes situ\u0101cij\u0101s, cen\u0161oties \u00abizk\u013c\u016bt lauk\u0101 no bedres\u00bb. Tiek prognoz\u0113ts, ka \u0161is iestud\u0113jums var\u0113tu \u0161ok\u0113t ar savu atkl\u0101tumu un dzi\u013cumu. Pirmizr\u0101de pl\u0101nota 24. oktobr\u012b JRT Lielaj\u0101 z\u0101l\u0113.<\/p>\n<p>\u00abLedus gar\u0161a\u00bb: Hokejs k\u0101 metafora dz\u012bvei<\/p>\n<p>Otrs jaunais pied\u0101v\u0101jums ir izr\u0101de \u00abLedus gar\u0161a\u00bb, kas velt\u012bta hokejam \u2013 sporta veidam, kas daudziem Latvijas iedz\u012bvot\u0101jiem noz\u012bm\u0113 \u013coti daudz. Izr\u0101de p\u0113ta uzvaru un kritienu, \u0161aubu un p\u0101rliec\u012bbas, pr\u0101ta un sirds attiec\u012bbas, atspogu\u013cojot tos cilv\u0113kus, kuri dz\u012bvo l\u012bdzi Latvijas hokejistiem. T\u0101s autori ir Vilis Daudzi\u0146\u0161 (re\u017eija un telpa) un D\u0101vids P\u0113tersons (autors un aktieris). \u00abLedus gar\u0161a\u00bb sola aizkustin\u0101t skat\u012bt\u0101jus, kuriem paz\u012bstama \u00abledus gar\u0161a\u00bb. Pirmizr\u0101de paredz\u0113ta 2. septembr\u012b JRT Mazaj\u0101 z\u0101l\u0113.<\/p>\n<p>\u00abDocentes\u00bb: Universit\u0101tes izaicin\u0101jumi m\u016bsdien\u0101s<\/p>\n<p>Ruden\u012b Jaunaj\u0101 z\u0101l\u0113 izskan\u0113s ar\u012b somu dramaturga Juhas Jokelas lugas iestud\u0113jums \u00abDocentes\u00bb. Izr\u0101de piev\u0113r\u0161as m\u016bsdienu universit\u0101tes lomai \u2013 vai t\u0101 galvenok\u0101rt ir zin\u0101tne un izgl\u012bto\u0161ana, vai ar\u012b sabiedriski politisku viedok\u013cu veido\u0161ana? Izr\u0101des centr\u0101 ir soci\u0101lpsiholo\u0123ijas profesores personisk\u0101 pieredze un p\u0101rbaud\u012bjumi, ko rad\u012bjis darba vides klimata p\u0113t\u012bjums. Pirmizr\u0101de pl\u0101nota 31. oktobr\u012b.<\/p>\n<p>\u00ab\u0100be\u013cziedi up\u0113\u00bb: Atgrie\u0161an\u0101s pie sakn\u0113m un atmi\u0146u mekl\u0113jumos<\/p>\n<p>Re\u017eisors Alvis Hermanis veido ar\u012b te\u0101tra uzvedumu \u00ab\u0100be\u013cziedi up\u0113\u00bb, kas ir turpin\u0101jums filmai \u00ab\u0100bols up\u0113\u00bb, atdz\u012bvinot le\u0123endas par Za\u0137usalu. \u0160is darbs ir k\u0101 metafora par dz\u012bves amplit\u016bdu, par cilv\u0113ka atgrie\u0161anos pie sav\u0101m \u00abnoziegumu viet\u0101m\u00bb un par zaud\u0113to dz\u012bves modeli, kas tika upur\u0113ts att\u012bst\u012bbas v\u0101rd\u0101. Izr\u0101de top, balstoties uz biju\u0161o iedz\u012bvot\u0101ju atmi\u0146\u0101m un fotogr\u0101fij\u0101m, turpinot filmas po\u0113tisko st\u0101st\u012bjuma veidu m\u016bsdien\u0101s. Pirmizr\u0101de gaid\u0101ma 25. novembr\u012b JRT Jaunaj\u0101 z\u0101l\u0113.<\/p>\n","protected":false},"excerpt":{"rendered":"Jaunie Jaun\u0101 R\u012bgas te\u0101tra rudens iestud\u0113jumi \u0160oruden Jaunais R\u012bgas te\u0101tris (JRT) aicina skat\u012bt\u0101jus uz diviem jaunumiem, kas sol\u0101s&hellip;\n","protected":false},"author":2,"featured_media":51354,"comment_status":"","ping_status":"","sticky":false,"template":"","format":"standard","meta":{"footnotes":""},"categories":[5],"tags":[23,28,29,32,33,22,2180,5272,5993,30,31,35,39,38,36,37,34,14057,40,20,26,27,10148,24,25,21],"class_list":{"0":"post-51353","1":"post","2":"type-post","3":"status-publish","4":"format-standard","5":"has-post-thumbnail","7":"category-aktualitates","8":"tag-aktualitates","9":"tag-breaking-news","10":"tag-breakingnews","11":"tag-featured-news","12":"tag-featurednews","13":"tag-headlines","14":"tag-izrades","15":"tag-jaunais-rigas-teatris","16":"tag-kritiens-augsup","17":"tag-latest-news","18":"tag-latestnews","19":"tag-latvia","20":"tag-latvian","21":"tag-latviesu","22":"tag-latviesu-valoda","23":"tag-latviesuvaloda","24":"tag-latvija","25":"tag-ledus-garsa","26":"tag-lv","27":"tag-news","28":"tag-popularakas-zinas","29":"tag-popularakaszinas","30":"tag-rudens-sezona","31":"tag-top-stories","32":"tag-topstories","33":"tag-zinas"},"share_on_mastodon":{"url":"https:\/\/pubeurope.com\/@lv\/115562911102472596","error":""},"_links":{"self":[{"href":"https:\/\/www.europesays.com\/lv\/wp-json\/wp\/v2\/posts\/51353","targetHints":{"allow":["GET"]}}],"collection":[{"href":"https:\/\/www.europesays.com\/lv\/wp-json\/wp\/v2\/posts"}],"about":[{"href":"https:\/\/www.europesays.com\/lv\/wp-json\/wp\/v2\/types\/post"}],"author":[{"embeddable":true,"href":"https:\/\/www.europesays.com\/lv\/wp-json\/wp\/v2\/users\/2"}],"replies":[{"embeddable":true,"href":"https:\/\/www.europesays.com\/lv\/wp-json\/wp\/v2\/comments?post=51353"}],"version-history":[{"count":0,"href":"https:\/\/www.europesays.com\/lv\/wp-json\/wp\/v2\/posts\/51353\/revisions"}],"wp:featuredmedia":[{"embeddable":true,"href":"https:\/\/www.europesays.com\/lv\/wp-json\/wp\/v2\/media\/51354"}],"wp:attachment":[{"href":"https:\/\/www.europesays.com\/lv\/wp-json\/wp\/v2\/media?parent=51353"}],"wp:term":[{"taxonomy":"category","embeddable":true,"href":"https:\/\/www.europesays.com\/lv\/wp-json\/wp\/v2\/categories?post=51353"},{"taxonomy":"post_tag","embeddable":true,"href":"https:\/\/www.europesays.com\/lv\/wp-json\/wp\/v2\/tags?post=51353"}],"curies":[{"name":"wp","href":"https:\/\/api.w.org\/{rel}","templated":true}]}}