{"id":51371,"date":"2025-11-17T04:32:17","date_gmt":"2025-11-17T04:32:17","guid":{"rendered":"https:\/\/www.europesays.com\/lv\/51371\/"},"modified":"2025-11-17T04:32:17","modified_gmt":"2025-11-17T04:32:17","slug":"latvijas-nakotne-apdraudeta-dibinata-jauna-politiska-kustiba-lente-lv","status":"publish","type":"post","link":"https:\/\/www.europesays.com\/lv\/51371\/","title":{"rendered":"Latvijas n\u0101kotne apdraud\u0113ta \u2013 dibin\u0101ta jauna politisk\u0101 kust\u012bba\u00a0\u2014\u00a0Lente.lv"},"content":{"rendered":"<p>Alvja Hermana br\u012bdin\u0101jums par Latvijas n\u0101kotni: jaunas politisk\u0101s kust\u012bbas priek\u0161v\u0113stnesis<\/p>\n<p>Oktobra vid\u016b sabiedr\u012bb\u0101 pla\u0161u rezonansi guva zi\u0146a par paz\u012bstam\u0101 re\u017eisora Alvja Hermana dibin\u0101to jauno politisko kust\u012bbu. \u0160is solis, ko vi\u0146\u0161 veica kop\u0101 ar domubiedriem, signaliz\u0113 par nopietn\u0101m ba\u017e\u0101m par Latvijas valsts att\u012bst\u012bbas virzienu un t\u0101s n\u0101kotni. Hermanis publiski ir paudis skarbus br\u012bdin\u0101jumus, nor\u0101dot uz potenci\u0101l\u0101m briesm\u0101m, kas apdraud valsts suverenit\u0101ti un pilso\u0146u labkl\u0101j\u012bbu.<\/p>\n<p>Re\u017eisora paustie viedok\u013ci nav tikai emocion\u0101ls izr\u0101viens, bet gan r\u016bp\u012bgi p\u0101rdom\u0101ta poz\u012bcija, kas balst\u012bta uz anal\u012bzi par pa\u0161reiz\u0113jo politisko un soci\u0101lo situ\u0101ciju Latvij\u0101. Vi\u0146\u0161 nor\u0101da uz tendenc\u0113m, kas, vi\u0146apr\u0101t, nov\u0101jina valsti no iek\u0161ienes un padara to ievainojamu \u0101r\u0113jiem un iek\u0161\u0113jiem draudiem. \u0160\u012bs ba\u017eas skar gan ekonomisko stabilit\u0101ti, gan nacion\u0101l\u0101s identit\u0101tes saglab\u0101\u0161anu, gan ar\u012b demokr\u0101tisko principu notur\u012bbu.<\/p>\n<p>Atsl\u0113gas probl\u0113mas un Hermana redz\u0113jums<\/p>\n<p>Alvis Hermanis savos izteikumos bie\u017ei vien izmanto sp\u0113c\u012bgas metaforas un t\u0113lainu valodu, lai ilustr\u0113tu savas ba\u017eas. Vi\u0146\u0161 ir uzsv\u0113ris, ka Latvijas n\u0101kotne ir apdraud\u0113ta, ja netiks veiktas radik\u0101las izmai\u0146as eso\u0161aj\u0101 politiskaj\u0101 kurs\u0101. Viena no galvenaj\u0101m probl\u0113m\u0101m, ko Hermanis identific\u0113, ir politisk\u0101s elites atraut\u012bba no tautas re\u0101laj\u0101m vajadz\u012bb\u0101m un ilgtermi\u0146a valsts interes\u0113m. Vi\u0146\u0161 kritiz\u0113 fragment\u0101ciju politiskaj\u0101 spektr\u0101 un nesp\u0113ju vienoties par valstiski svar\u012bgiem jaut\u0101jumiem.<\/p>\n<p>K\u0101 iesp\u0113jamos risin\u0101jumus un alternat\u012bvu ce\u013cu Hermanis pied\u0101v\u0101 jaunas politisk\u0101s dom\u0101\u0161anas pieeju, kas balst\u012bta uz kop\u012bgu atbild\u012bbu, ilgtermi\u0146a pl\u0101no\u0161anu un nacion\u0101lo intere\u0161u prioritiz\u0113\u0161anu. Vi\u0146a dibin\u0101t\u0101 kust\u012bba nepretend\u0113 uz tradicion\u0101lu partijas modeli, bet gan uz pla\u0161\u0101ku sabiedr\u012bbas mobiliz\u0101ciju un diskusiju veicin\u0101\u0161anu par valsts likteni. Tas ir k\u0101 aicin\u0101jums ikvienam Latvijas iedz\u012bvot\u0101jam pamosties un iesaist\u012bties valsts n\u0101kotnes veido\u0161an\u0101, nevis pas\u012bvi v\u0113rot notieko\u0161o.<\/p>\n<p>Re\u017eisors bie\u017ei vien sal\u012bdzina politisko procesu ar te\u0101tra izr\u0101di, kur\u0101 aktieri (politi\u0137i) aizmirst par savu lomu un skat\u012bt\u0101ju (pilso\u0146u) interes\u0113m. Vi\u0146a br\u012bdin\u0101jumi ir sign\u0101ls, ka izr\u0101de tuvojas kritiskam punktam, kur\u0101 nepiecie\u0161ams main\u012bt scen\u0101riju, pirms v\u0113l ir par v\u0113lu. \u0160\u0101da metaforiska pieeja pal\u012bdz ilustr\u0113t sare\u017e\u0123\u012btas politisk\u0101s probl\u0113mas saprotam\u0101k\u0101 veid\u0101, uzrun\u0101jot pla\u0161\u0101ku auditoriju.<\/p>\n<p>Jaun\u0101s kust\u012bbas potenci\u0101ls un izaicin\u0101jumi<\/p>\n<p>Alvja Hermana jaun\u0101s politisk\u0101s kust\u012bbas izveide oktobr\u012b raisa gan cer\u012bbas, gan jaut\u0101jumus. Vai \u0161\u012b kust\u012bba sp\u0113s piesaist\u012bt pietiekami daudz atbalst\u012bt\u0101ju un rad\u012bt re\u0101lu politisko sp\u0113ku? Vai t\u0101s radik\u0101lie br\u012bdin\u0101jumi tiks sadzird\u0113ti un rosin\u0101s nepiecie\u0161am\u0101s p\u0101rmai\u0146as, vai ar\u012b paliks tikai k\u0101 viens no daudziem br\u012bdin\u0101jumiem, kas netiks pien\u0101c\u012bgi nov\u0113rt\u0113ts?<\/p>\n<p>Viens no liel\u0101kajiem izaicin\u0101jumiem b\u016bs p\u0101riet no kritikas un br\u012bdin\u0101jumiem uz konkr\u0113tu r\u012bc\u012bbas pl\u0101nu un pied\u0101v\u0101jumu. K\u0101 jaun\u0101 kust\u012bba pl\u0101no risin\u0101t ekonomisk\u0101s probl\u0113mas, demogr\u0101fisko kr\u012bzi un citas valstiski svar\u012bgas jomas? Vai t\u0101s biedriem ir nepiecie\u0161am\u0101s kompetences un pieredze, lai ieviestu re\u0101las p\u0101rmai\u0146as? \u0160ie jaut\u0101jumi ir aktu\u0101li gan kust\u012bbas atbalst\u012bt\u0101jiem, gan skepti\u0137iem.<\/p>\n<p>Tom\u0113r nav noliedzams, ka Alvja Hermana iesaist\u012b\u0161an\u0101s politik\u0101 un vi\u0146a paustie skarbie v\u0101rdi ir sp\u0113ju\u0161i aktualiz\u0113t diskusiju par Latvijas n\u0101kotni. Vi\u0146a sp\u0113ja piev\u0113rst uzman\u012bbu probl\u0113m\u0101m un mobiliz\u0113t cilv\u0113kus ir iev\u0113rojama. Vai \u0161\u012b ener\u0123ija tiks novirz\u012bta konstrukt\u012bv\u0101 gultn\u0113 un vai kust\u012bba sp\u0113s k\u013c\u016bt par re\u0101lu alternat\u012bvu eso\u0161aj\u0101m politiskaj\u0101m tendenc\u0113m, to r\u0101d\u012bs laiks.<\/p>\n<p>Nepiecie\u0161am\u012bba p\u0113c jaunas perspekt\u012bvas<\/p>\n<p>Daudzi anal\u012bti\u0137i un sabiedr\u012bbas p\u0101rst\u0101vji atz\u012bst, ka Latvijai ir nepiecie\u0161ama jauna perspekt\u012bva un svaigas idejas, lai p\u0101rvar\u0113tu eso\u0161\u0101s kr\u012bzes un nodro\u0161in\u0101tu ilgtsp\u0113j\u012bgu att\u012bst\u012bbu. Alvja Hermana kust\u012bba var\u0113tu b\u016bt viens no impulsiem, kas mudina politisko eliti un sabiedr\u012bbu kopum\u0101 p\u0101rdom\u0101t savu r\u012bc\u012bbu. Vi\u0146a br\u012bdin\u0101jumi, lai ar\u012b skarbi, var kalpot k\u0101 pamudin\u0101jums mekl\u0113t lab\u0101kus risin\u0101jumus.<\/p>\n<p>T\u0101pat k\u0101 re\u017eisors r\u016bp\u012bgi veido katru savu darbu, ar\u012b valsts veido\u0161ana prasa r\u016bp\u012bgu pl\u0101no\u0161anu, strat\u0113\u0123isku dom\u0101\u0161anu un sp\u0113ju saskat\u012bt potenci\u0101l\u0101s probl\u0113mas pirms t\u0101m ir k\u013cuvis par t\u0101lu. Alvja Hermana iniciat\u012bva ir k\u0101 spogulis, kur\u0101 politi\u0137iem un pilso\u0146iem vajadz\u0113tu ieskat\u012bties, lai nov\u0113rt\u0113tu, vai virziens, k\u0101d\u0101 valsts dodas, ir pareizs un dro\u0161s.<\/p>\n<p>Gala rezult\u0101t\u0101, vai Alvja Hermana br\u012bdin\u0101jums par Latvijas n\u0101kotni materializ\u0113sies k\u0101 re\u0101ls drauds, vai ar\u012b tas k\u013c\u016bs par pamudin\u0101jumu veikt nepiecie\u0161am\u0101s p\u0101rmai\u0146as, ir atkar\u012bgs no visas sabiedr\u012bbas kop\u012bg\u0101s r\u012bc\u012bbas un gatav\u012bbas iesaist\u012bties valsts att\u012bst\u012bb\u0101. Vi\u0146a dibin\u0101t\u0101 kust\u012bba ir solis \u0161aj\u0101 virzien\u0101, ta\u010du \u012bstais darbs v\u0113l tikai priek\u0161\u0101.<\/p>\n","protected":false},"excerpt":{"rendered":"Alvja Hermana br\u012bdin\u0101jums par Latvijas n\u0101kotni: jaunas politisk\u0101s kust\u012bbas priek\u0161v\u0113stnesis Oktobra vid\u016b sabiedr\u012bb\u0101 pla\u0161u rezonansi guva zi\u0146a par&hellip;\n","protected":false},"author":2,"featured_media":51372,"comment_status":"","ping_status":"","sticky":false,"template":"","format":"standard","meta":{"footnotes":""},"categories":[5],"tags":[23,5992,28,29,14074,32,33,22,30,31,35,39,38,36,37,34,14073,535,40,20,8666,26,27,24,25,21],"class_list":{"0":"post-51371","1":"post","2":"type-post","3":"status-publish","4":"format-standard","5":"has-post-thumbnail","7":"category-aktualitates","8":"tag-aktualitates","9":"tag-alvis-hermanis","10":"tag-breaking-news","11":"tag-breakingnews","12":"tag-bridinajums","13":"tag-featured-news","14":"tag-featurednews","15":"tag-headlines","16":"tag-latest-news","17":"tag-latestnews","18":"tag-latvia","19":"tag-latvian","20":"tag-latviesu","21":"tag-latviesu-valoda","22":"tag-latviesuvaloda","23":"tag-latvija","24":"tag-latvijas-nakotne","25":"tag-latvijas-politika","26":"tag-lv","27":"tag-news","28":"tag-politiska-kustiba","29":"tag-popularakas-zinas","30":"tag-popularakaszinas","31":"tag-top-stories","32":"tag-topstories","33":"tag-zinas"},"share_on_mastodon":{"url":"https:\/\/pubeurope.com\/@lv\/115563170594314158","error":""},"_links":{"self":[{"href":"https:\/\/www.europesays.com\/lv\/wp-json\/wp\/v2\/posts\/51371","targetHints":{"allow":["GET"]}}],"collection":[{"href":"https:\/\/www.europesays.com\/lv\/wp-json\/wp\/v2\/posts"}],"about":[{"href":"https:\/\/www.europesays.com\/lv\/wp-json\/wp\/v2\/types\/post"}],"author":[{"embeddable":true,"href":"https:\/\/www.europesays.com\/lv\/wp-json\/wp\/v2\/users\/2"}],"replies":[{"embeddable":true,"href":"https:\/\/www.europesays.com\/lv\/wp-json\/wp\/v2\/comments?post=51371"}],"version-history":[{"count":0,"href":"https:\/\/www.europesays.com\/lv\/wp-json\/wp\/v2\/posts\/51371\/revisions"}],"wp:featuredmedia":[{"embeddable":true,"href":"https:\/\/www.europesays.com\/lv\/wp-json\/wp\/v2\/media\/51372"}],"wp:attachment":[{"href":"https:\/\/www.europesays.com\/lv\/wp-json\/wp\/v2\/media?parent=51371"}],"wp:term":[{"taxonomy":"category","embeddable":true,"href":"https:\/\/www.europesays.com\/lv\/wp-json\/wp\/v2\/categories?post=51371"},{"taxonomy":"post_tag","embeddable":true,"href":"https:\/\/www.europesays.com\/lv\/wp-json\/wp\/v2\/tags?post=51371"}],"curies":[{"name":"wp","href":"https:\/\/api.w.org\/{rel}","templated":true}]}}