{"id":51390,"date":"2025-11-17T05:03:09","date_gmt":"2025-11-17T05:03:09","guid":{"rendered":"https:\/\/www.europesays.com\/lv\/51390\/"},"modified":"2025-11-17T05:03:09","modified_gmt":"2025-11-17T05:03:09","slug":"latvijas-lellu-teatris-atdzivina-andrusa-kivirehka-pasauli-ar-izradi-oskars-un-lietas-lente-lv","status":"publish","type":"post","link":"https:\/\/www.europesays.com\/lv\/51390\/","title":{"rendered":"Latvijas Le\u013c\u013cu te\u0101tris atdz\u012bvina Andrusa Kivirehka pasauli ar izr\u0101di &#8220;Oskars un lietas&#8221;\u00a0\u2014\u00a0Lente.lv"},"content":{"rendered":"<p>Jauna Burvju Pasaule Latvijas Le\u013c\u013cu te\u0101tr\u012b: Gaid\u0101ma izr\u0101de &#8220;Oskars un lietas&#8221;<\/p>\n<p>Decembris Latvijas Le\u013c\u013cu te\u0101tr\u012b sol\u0101s b\u016bt \u012bpa\u0161s un pilns ar neaizmirstamiem br\u012b\u017eiem, jo durvis v\u0113rs jauna, aizraujo\u0161a izr\u0101de mazajiem un lielajiem skat\u012bt\u0101jiem \u2013 &#8220;Oskars un lietas&#8221;. \u0160is gaid\u012btais iestud\u0113jums, kas balst\u012bts uz iem\u012b\u013cot\u0101 latvie\u0161u rakstnieka Andrusa Kivirehka rado\u0161\u0101s dai\u013crades mot\u012bviem, ir devusi jaunu dz\u012bv\u012bbu jaunajai re\u017eisorei Paulai P\u013cavniecei.<\/p>\n<p>St\u0101sts par izt\u0113les sp\u0113ku<\/p>\n<p>Izr\u0101des centr\u0101lais varonis ir Oskars, z\u0113ns, kur\u0161 vasaras br\u012bvdienas pavada pie vecm\u0101mi\u0146as laukos. Lai p\u0101rvar\u0113tu garlaic\u012bbu un rad\u012btu sev piedz\u012bvojumu, Oskars izgudro neparastu ier\u012bci \u2013 telefonu. Ta\u010du \u0161is nav parasts telefons, tas sp\u0113j savienot Oskaru ar pa\u0161\u0101m d\u012bvain\u0101kaj\u0101m un neiedom\u0101jam\u0101kaj\u0101m liet\u0101m, atkl\u0101jot fantastisko un izt\u0113les bezgal\u012bgo sp\u0113ku. St\u0101sts ir spilgts atg\u0101din\u0101jums par to, k\u0101 b\u0113rna fant\u0101zija sp\u0113j rad\u012bt br\u012bnumus un piepild\u012bt ikdienu ar kr\u0101s\u0101m un prieku.<\/p>\n<p>Pirmizr\u0101de un rado\u0161\u0101 komanda<\/p>\n<p>Liel\u0101s z\u0101les iestud\u0113jums &#8220;Oskars un lietas&#8221; piedz\u012bvos savu pirmizr\u0101di jau 5. decembr\u012b. Paula P\u013cavniece, jaunais talants re\u017eijas pasaul\u0113, ir r\u016bp\u012bgi str\u0101d\u0101jusi, lai uz skatuves atdz\u012bvin\u0101tu Kivirehka pasauli, pie\u0161\u0137irot tai savu unik\u0101lo redz\u0113jumu un j\u016bt\u012bgo izj\u016btu. Izr\u0101de sola iepriecin\u0101t skat\u012bt\u0101jus jau no piecu gadu vecuma, pied\u0101v\u0101jot ne tikai izklaidi, bet ar\u012b v\u0113rt\u012bgu st\u0101stu par draudz\u012bbu, izt\u0113li un to, cik svar\u012bgi ir notic\u0113t br\u012bnumiem.<\/p>\n<p>Kivirehka dai\u013crade un t\u0101s noz\u012bme<\/p>\n<p>Andrusa Kivirehka darbi vienm\u0113r ir biju\u0161i popul\u0101ri gan b\u0113rnu, gan pieaugu\u0161o vid\u016b, jo tie sp\u0113j aizskart dzi\u013cas t\u0113mas, vienlaikus saglab\u0101jot vieglumu un humoru. &#8220;Oskars un lietas&#8221; nav iz\u0146\u0113mums. \u0160\u012b gr\u0101mata, un nu ar\u012b izr\u0101de, aicina aizdom\u0101ties par dz\u012bves v\u0113rt\u012bb\u0101m, par sp\u0113ju saskat\u012bt skaistumu ikdieni\u0161\u0137aj\u0101 un par to, cik daudz sp\u0113ka sl\u0113pjas m\u016bsos pa\u0161os, ja vien \u013caujam va\u013cu izt\u0113lei. T\u0101 ir k\u0101 ce\u013cojums uz pasauli, kur\u0101 viss ir iesp\u0113jams, ja vien pietiek drosmes un v\u0113lmes to rad\u012bt.<\/p>\n<p>Aicin\u0101jums skat\u012bt\u0101jiem<\/p>\n<p>Latvijas Le\u013c\u013cu te\u0101tris ar \u0161o iestud\u0113jumu aicina visas \u0123imenes doties kop\u012bg\u0101 piedz\u012bvojum\u0101, kas bag\u0101tin\u0101s gan b\u0113rnu, gan pieaugu\u0161o pasaules izj\u016btu. &#8220;Oskars un lietas&#8221; ir vair\u0101k nek\u0101 tikai izr\u0101de \u2013 t\u0101 ir iesp\u0113ja atgriezties pie sav\u0101m b\u0113rn\u012bbas fant\u0101zij\u0101m, atkl\u0101t no jauna izt\u0113les sp\u0113ku un kop\u0101 ar Oskaru doties aizraujo\u0161\u0101 ce\u013cojum\u0101 pa neapzin\u0101t\u0101 pasauli. Bi\u013cetes uz izr\u0101di jau ir pieejamas, un t\u0101s b\u016bs lieliska d\u0101vana sev un saviem m\u012b\u013cajiem \u0161aj\u0101 sv\u0113tku laik\u0101.<\/p>\n<p>Izr\u0101de sol\u0101s b\u016bt gan vizu\u0101li iespaid\u012bga, gan emocion\u0101li pies\u0101tin\u0101ta, pied\u0101v\u0101jot skat\u012bt\u0101jiem prieku, smieklus un, iesp\u0113jams, ar\u012b k\u0101du aizkustino\u0161u br\u012bdi. T\u0101 ir aicin\u0101jums notic\u0113t br\u012bnumiem un atcer\u0113ties, ka visliel\u0101kie piedz\u012bvojumi bie\u017ei vien s\u0101kas tur, kur beidzas ikdiena.<\/p>\n","protected":false},"excerpt":{"rendered":"Jauna Burvju Pasaule Latvijas Le\u013c\u013cu te\u0101tr\u012b: Gaid\u0101ma izr\u0101de &#8220;Oskars un lietas&#8221; Decembris Latvijas Le\u013c\u013cu te\u0101tr\u012b sol\u0101s b\u016bt \u012bpa\u0161s&hellip;\n","protected":false},"author":2,"featured_media":51391,"comment_status":"","ping_status":"","sticky":false,"template":"","format":"standard","meta":{"footnotes":""},"categories":[19],"tags":[14076,1165,89,90,35,39,38,36,37,34,2123,40,13653,13655],"class_list":{"0":"post-51390","1":"post","2":"type-post","3":"status-publish","4":"format-standard","5":"has-post-thumbnail","7":"category-izklaide","8":"tag-andruss-kivirehks","9":"tag-bernu-izrade","10":"tag-entertainment","11":"tag-izklaide","12":"tag-latvia","13":"tag-latvian","14":"tag-latviesu","15":"tag-latviesu-valoda","16":"tag-latviesuvaloda","17":"tag-latvija","18":"tag-latvijas-lellu-teatris","19":"tag-lv","20":"tag-oskars-un-lietas","21":"tag-paula-plavniece"},"share_on_mastodon":{"url":"https:\/\/pubeurope.com\/@lv\/115563292491312323","error":""},"_links":{"self":[{"href":"https:\/\/www.europesays.com\/lv\/wp-json\/wp\/v2\/posts\/51390","targetHints":{"allow":["GET"]}}],"collection":[{"href":"https:\/\/www.europesays.com\/lv\/wp-json\/wp\/v2\/posts"}],"about":[{"href":"https:\/\/www.europesays.com\/lv\/wp-json\/wp\/v2\/types\/post"}],"author":[{"embeddable":true,"href":"https:\/\/www.europesays.com\/lv\/wp-json\/wp\/v2\/users\/2"}],"replies":[{"embeddable":true,"href":"https:\/\/www.europesays.com\/lv\/wp-json\/wp\/v2\/comments?post=51390"}],"version-history":[{"count":0,"href":"https:\/\/www.europesays.com\/lv\/wp-json\/wp\/v2\/posts\/51390\/revisions"}],"wp:featuredmedia":[{"embeddable":true,"href":"https:\/\/www.europesays.com\/lv\/wp-json\/wp\/v2\/media\/51391"}],"wp:attachment":[{"href":"https:\/\/www.europesays.com\/lv\/wp-json\/wp\/v2\/media?parent=51390"}],"wp:term":[{"taxonomy":"category","embeddable":true,"href":"https:\/\/www.europesays.com\/lv\/wp-json\/wp\/v2\/categories?post=51390"},{"taxonomy":"post_tag","embeddable":true,"href":"https:\/\/www.europesays.com\/lv\/wp-json\/wp\/v2\/tags?post=51390"}],"curies":[{"name":"wp","href":"https:\/\/api.w.org\/{rel}","templated":true}]}}