{"id":51417,"date":"2025-11-17T05:56:07","date_gmt":"2025-11-17T05:56:07","guid":{"rendered":"https:\/\/www.europesays.com\/lv\/51417\/"},"modified":"2025-11-17T05:56:07","modified_gmt":"2025-11-17T05:56:07","slug":"dirigesana-nav-diktatura-bet-gan-klausisanas-un-sadarbiba-lente-lv","status":"publish","type":"post","link":"https:\/\/www.europesays.com\/lv\/51417\/","title":{"rendered":"Diri\u0123\u0113\u0161ana nav diktat\u016bra, bet gan klaus\u012b\u0161an\u0101s un sadarb\u012bba\u00a0\u2014\u00a0Lente.lv"},"content":{"rendered":"<p>Normunds \u0160n\u0113: Diri\u0123\u0113\u0161ana k\u0101 saruna un sadarb\u012bba<\/p>\n<p>\u0160\u012b gada 10. novembr\u012b maestro Normunds \u0160n\u0113, spo\u017ea person\u012bba Latvijas m\u016bzikas dz\u012bv\u0113, atz\u012bm\u0113ja savu 65. jubileju. Paz\u012bstams ne tikai k\u0101 talant\u012bgs obojists un ska\u0146u re\u017eisors, bet ar\u012b k\u0101 erud\u012bts pedagogs un aizraut\u012bgs radio amatieris, \u0160n\u0113 sav\u0101 atkl\u0101taj\u0101 intervij\u0101 atsp\u0113ko izplat\u012bto priek\u0161statu par diri\u0123\u0113\u0161anu k\u0101 autorit\u0101ru procesu. Vi\u0146\u0161 uzsver, ka diri\u0123\u0113\u0161ana paties\u012bb\u0101 ir dzi\u013ca un nep\u0101rtraukta klaus\u012b\u0161an\u0101s \u2013 sp\u0113ja saskat\u012bt or\u0137estra sniegumu, iejusties m\u016bzi\u0137u rad\u012btaj\u0101 un to vienlaikus sal\u012bdzin\u0101t ar savu m\u0101ksliniecisko v\u012bziju.<\/p>\n<p>Diri\u0123\u0113\u0161ana \u2013 st\u0101sts par sadarb\u012bbu un komunik\u0101ciju<\/p>\n<p>\u201cDiri\u0123\u0113\u0161ana nav diktat\u016bra,\u201d strikti pau\u017e \u0160n\u0113, uzsverot, ka tas ir pirmais un svar\u012bg\u0101kais princips. \u201cDiri\u0123\u0113\u0161ana pirm\u0101m k\u0101rt\u0101m ir klaus\u012b\u0161an\u0101s: sadzird\u0113t to, k\u0101 or\u0137estris skan, ko m\u016bzi\u0137i pied\u0101v\u0101, un tad to moment\u0101 sal\u012bdzin\u0101t ar savu priek\u0161statu,\u201d vi\u0146\u0161 skaidro, piebilstot, ka paties\u012bb\u0101 diri\u0123\u0113\u0161ana ir st\u0101sts par cie\u0161u sadarb\u012bbu. T\u0101 ir nemit\u012bga komunik\u0101cija starp diri\u0123entu un m\u016bzi\u0137iem, kas l\u012bdzin\u0101s aizraujo\u0161ai sarunai, kur\u0101 katrs balss ir svar\u012bga un nepiecie\u0161ama kop\u0113j\u0101 ska\u0146darba audum\u0101. Tas ir process, kas prasa ne tikai tehnisko meistar\u012bbu, bet ar\u012b sp\u0113ju veidot dzi\u013cu emocion\u0101lu saikni ar kopumu.<\/p>\n<p>M\u0101kslinieka daudz\u0101s lomas un aizrau\u0161an\u0101s<\/p>\n<p>Normunda \u0160n\u0113 rado\u0161ais ce\u013c\u0161 ir daudzpus\u012bgs un bag\u0101ts. K\u0101 obojists vi\u0146\u0161 ir iekarojis atzin\u012bbu ar savu j\u016bt\u012bgo un izsmalcin\u0101to muzic\u0113\u0161anu. Savuk\u0101rt vi\u0146a darbs ska\u0146u re\u017eisora lom\u0101 \u013cauj vi\u0146am iel\u016bkoties m\u016bzikas rad\u012b\u0161anas un fiks\u0113\u0161anas aizkulis\u0113s, pie\u0161\u0137irot tai jaunu dimensiju. Pedago\u0123iskaj\u0101 darb\u0101 vi\u0146\u0161 dal\u0101s ar savu pieredzi un zin\u0101\u0161an\u0101m, iedvesmojot jaun\u0101s paaudzes. Ta\u010du, iesp\u0113jams, viena no vi\u0146a visliel\u0101kaj\u0101m un sirsn\u012bg\u0101kaj\u0101m kaisl\u012bb\u0101m ir radioamatierisms. \u0160\u012b aizrau\u0161an\u0101s apliecina vi\u0146a intereses pla\u0161umu un v\u0113lmi komunic\u0113t un dal\u012bties ar pasauli da\u017e\u0101dos veidos, ne tikai caur m\u016bziku. \u0160\u012b daudzpus\u012bba padara vi\u0146u par \u012bpa\u0161u un iedvesmojo\u0161u person\u012bbu.<\/p>\n<p>Atsaucoties uz maestro dom\u0101m<\/p>\n<p>\u0160n\u0113 skat\u012bjums uz diri\u0123\u0113\u0161anu k\u0101 uz dialogu un koprad\u012b\u0161anas procesu ir \u013coti v\u0113rt\u012bgs. Tas atg\u0101dina, ka jebkur\u0101 rado\u0161\u0101 un sadarb\u012bbas proces\u0101, vai t\u0101 b\u016btu m\u016bzika, te\u0101tris vai pat sare\u017e\u0123\u012bts projekts, svar\u012bg\u0101kais ir sp\u0113ja patiesi klaus\u012bties un respekt\u0113t katra dal\u012bbnieka ieguld\u012bjumu. Tikai caur \u0161\u0101du savstarp\u0113ju sapratni un cie\u0146u var tapt patiesi harmoniski un palieko\u0161i darbi. Vi\u0146a filozofija nav vienk\u0101r\u0161i par nor\u0101d\u0113m un pav\u0113l\u0113m, bet gan par kop\u012bgu elpo\u0161anu un vienota m\u0101ksliniecisk\u0101 redz\u0113juma \u012bsteno\u0161anu.<\/p>\n","protected":false},"excerpt":{"rendered":"Normunds \u0160n\u0113: Diri\u0123\u0113\u0161ana k\u0101 saruna un sadarb\u012bba \u0160\u012b gada 10. novembr\u012b maestro Normunds \u0160n\u0113, spo\u017ea person\u012bba Latvijas m\u016bzikas&hellip;\n","protected":false},"author":2,"featured_media":51418,"comment_status":"","ping_status":"","sticky":false,"template":"","format":"standard","meta":{"footnotes":""},"categories":[5],"tags":[23,28,29,14080,32,33,22,2916,30,31,35,39,38,36,37,34,5764,40,103,20,11789,26,27,24,25,21],"class_list":{"0":"post-51417","1":"post","2":"type-post","3":"status-publish","4":"format-standard","5":"has-post-thumbnail","7":"category-aktualitates","8":"tag-aktualitates","9":"tag-breaking-news","10":"tag-breakingnews","11":"tag-dirigesana","12":"tag-featured-news","13":"tag-featurednews","14":"tag-headlines","15":"tag-jubileja","16":"tag-latest-news","17":"tag-latestnews","18":"tag-latvia","19":"tag-latvian","20":"tag-latviesu","21":"tag-latviesu-valoda","22":"tag-latviesuvaloda","23":"tag-latvija","24":"tag-latvijas-muziki","25":"tag-lv","26":"tag-muzika","27":"tag-news","28":"tag-normunds-sne","29":"tag-popularakas-zinas","30":"tag-popularakaszinas","31":"tag-top-stories","32":"tag-topstories","33":"tag-zinas"},"share_on_mastodon":{"url":"https:\/\/pubeurope.com\/@lv\/115563500885835176","error":""},"_links":{"self":[{"href":"https:\/\/www.europesays.com\/lv\/wp-json\/wp\/v2\/posts\/51417","targetHints":{"allow":["GET"]}}],"collection":[{"href":"https:\/\/www.europesays.com\/lv\/wp-json\/wp\/v2\/posts"}],"about":[{"href":"https:\/\/www.europesays.com\/lv\/wp-json\/wp\/v2\/types\/post"}],"author":[{"embeddable":true,"href":"https:\/\/www.europesays.com\/lv\/wp-json\/wp\/v2\/users\/2"}],"replies":[{"embeddable":true,"href":"https:\/\/www.europesays.com\/lv\/wp-json\/wp\/v2\/comments?post=51417"}],"version-history":[{"count":0,"href":"https:\/\/www.europesays.com\/lv\/wp-json\/wp\/v2\/posts\/51417\/revisions"}],"wp:featuredmedia":[{"embeddable":true,"href":"https:\/\/www.europesays.com\/lv\/wp-json\/wp\/v2\/media\/51418"}],"wp:attachment":[{"href":"https:\/\/www.europesays.com\/lv\/wp-json\/wp\/v2\/media?parent=51417"}],"wp:term":[{"taxonomy":"category","embeddable":true,"href":"https:\/\/www.europesays.com\/lv\/wp-json\/wp\/v2\/categories?post=51417"},{"taxonomy":"post_tag","embeddable":true,"href":"https:\/\/www.europesays.com\/lv\/wp-json\/wp\/v2\/tags?post=51417"}],"curies":[{"name":"wp","href":"https:\/\/api.w.org\/{rel}","templated":true}]}}