{"id":51425,"date":"2025-11-17T06:06:11","date_gmt":"2025-11-17T06:06:11","guid":{"rendered":"https:\/\/www.europesays.com\/lv\/51425\/"},"modified":"2025-11-17T06:06:11","modified_gmt":"2025-11-17T06:06:11","slug":"manu-tevu-nogalinaja-maisins-nevis-ierocis-absurds","status":"publish","type":"post","link":"https:\/\/www.europesays.com\/lv\/51425\/","title":{"rendered":"Manu t\u0113vu nogalin\u0101ja maisi\u0146\u0161, nevis ierocis? Absurds!"},"content":{"rendered":"<p>Pirms diviem gadiem R\u0113zekn\u0113 pie veikala tika no\u0161auts uz\u0146\u0113m\u0113js Andris \u013bubka. T\u0101 k\u0101 joproj\u0101m nav atrasts ierocis un nav pier\u0101d\u012bts, ka \u0161\u0101v\u0113js bija aps\u016bdz\u0113tais Igors Haits, iesp\u0113jams, vi\u0146\u0161 jau n\u0101kamgad tiks br\u012bv\u012bb\u0101. \u0160au\u0161anas br\u012bd\u012b Haitam rok\u0101s esot bijis melns plastmasas maisi\u0146\u0161, nevis ierocis. TVNET+ sekoja tiesas s\u0113d\u0113m att\u0101lin\u0101ti un rakst\u0101 skaidro, k\u0101p\u0113c gadu ir t\u0101da mu\u013c\u013c\u0101\u0161an\u0101s.<\/p>\n","protected":false},"excerpt":{"rendered":"Pirms diviem gadiem R\u0113zekn\u0113 pie veikala tika no\u0161auts uz\u0146\u0113m\u0113js Andris \u013bubka. T\u0101 k\u0101 joproj\u0101m nav atrasts ierocis un&hellip;\n","protected":false},"author":2,"featured_media":51426,"comment_status":"","ping_status":"","sticky":false,"template":"","format":"standard","meta":{"footnotes":""},"categories":[14],"tags":[23,14082,14083,57,28,29,32,33,22,30,31,35,39,38,36,37,34,40,20,26,27,595,24,25,164,54,55,56,21,58],"class_list":{"0":"post-51425","1":"post","2":"type-post","3":"status-publish","4":"format-standard","5":"has-post-thumbnail","7":"category-zinas-no-arvalstim","8":"tag-aktualitates","9":"tag-andra-lubkas-slepkaviba","10":"tag-andris-lubka","11":"tag-arvalstim","12":"tag-breaking-news","13":"tag-breakingnews","14":"tag-featured-news","15":"tag-featurednews","16":"tag-headlines","17":"tag-latest-news","18":"tag-latestnews","19":"tag-latvia","20":"tag-latvian","21":"tag-latviesu","22":"tag-latviesu-valoda","23":"tag-latviesuvaloda","24":"tag-latvija","25":"tag-lv","26":"tag-news","27":"tag-popularakas-zinas","28":"tag-popularakaszinas","29":"tag-slepkaviba","30":"tag-top-stories","31":"tag-topstories","32":"tag-tvnet-latvija","33":"tag-world","34":"tag-world-news","35":"tag-worldnews","36":"tag-zinas","37":"tag-zinas-no-arvalstim"},"share_on_mastodon":{"url":"https:\/\/pubeurope.com\/@lv\/115563540187120425","error":""},"_links":{"self":[{"href":"https:\/\/www.europesays.com\/lv\/wp-json\/wp\/v2\/posts\/51425","targetHints":{"allow":["GET"]}}],"collection":[{"href":"https:\/\/www.europesays.com\/lv\/wp-json\/wp\/v2\/posts"}],"about":[{"href":"https:\/\/www.europesays.com\/lv\/wp-json\/wp\/v2\/types\/post"}],"author":[{"embeddable":true,"href":"https:\/\/www.europesays.com\/lv\/wp-json\/wp\/v2\/users\/2"}],"replies":[{"embeddable":true,"href":"https:\/\/www.europesays.com\/lv\/wp-json\/wp\/v2\/comments?post=51425"}],"version-history":[{"count":0,"href":"https:\/\/www.europesays.com\/lv\/wp-json\/wp\/v2\/posts\/51425\/revisions"}],"wp:featuredmedia":[{"embeddable":true,"href":"https:\/\/www.europesays.com\/lv\/wp-json\/wp\/v2\/media\/51426"}],"wp:attachment":[{"href":"https:\/\/www.europesays.com\/lv\/wp-json\/wp\/v2\/media?parent=51425"}],"wp:term":[{"taxonomy":"category","embeddable":true,"href":"https:\/\/www.europesays.com\/lv\/wp-json\/wp\/v2\/categories?post=51425"},{"taxonomy":"post_tag","embeddable":true,"href":"https:\/\/www.europesays.com\/lv\/wp-json\/wp\/v2\/tags?post=51425"}],"curies":[{"name":"wp","href":"https:\/\/api.w.org\/{rel}","templated":true}]}}