{"id":5143,"date":"2025-09-26T03:02:10","date_gmt":"2025-09-26T03:02:10","guid":{"rendered":"https:\/\/www.europesays.com\/lv\/5143\/"},"modified":"2025-09-26T03:02:10","modified_gmt":"2025-09-26T03:02:10","slug":"latvijas-brali-lielbarzi-pasaules-motokrosa-ekipazu-cempionata-nosledz-sezonu-ceturtaja-vieta-lente-lv","status":"publish","type":"post","link":"https:\/\/www.europesays.com\/lv\/5143\/","title":{"rendered":"Latvijas br\u0101\u013ci Lielb\u0101r\u017ei pasaules motokrosa ekip\u0101\u017eu \u010dempion\u0101t\u0101 nosl\u0113dz sezonu ceturtaj\u0101 viet\u0101\u00a0\u2014\u00a0Lente.lv"},"content":{"rendered":"<p>Latvijas Lielb\u0101r\u017ei Nosl\u0113dz Motokrosa Sezonu Pasaules \u010cempion\u0101t\u0101 &#8211; Ieg\u016bta Cien\u012bga Ceturt\u0101 Vieta<\/p>\n<p>Latvijas motosporta br\u0101\u013ci Daniels un Bruno Lielb\u0101r\u017ei ir veiksm\u012bgi nosl\u0113gu\u0161i Pasaules motokrosa \u010dempion\u0101ta ekip\u0101\u017e\u0101m aizraujo\u0161o sezonu, izc\u012bnot godpilno ceturto vietu kopv\u0113rt\u0113jum\u0101. \u0160is sasniegums ir apliecin\u0101jums vi\u0146u neatlaid\u012bgajam darbam, talantam un sp\u0113jai konkur\u0113t pa\u0161\u0101 augst\u0101kaj\u0101 l\u012bmen\u012b.<\/p>\n<p>Sezonas Nosl\u0113gums Ar Sacens\u012bb\u0101m V\u0101cij\u0101<\/p>\n<p>Sezona nosl\u0113dz\u0101s ar dev\u012bto, p\u0113d\u0113jo posmu V\u0101cij\u0101, kur Daniels Lielb\u0101rdis start\u0113ja kop\u0101 ar pieredz\u0113ju\u0161o fran\u010du brauc\u0113ju Nikol\u0101 Mus\u0113. Diem\u017e\u0113l br\u0101lis Bruno Lielb\u0101rdis nebija ierind\u0101, jo iepriek\u0161\u0113j\u0101 posm\u0101 cieta kritienu un guva traumas. Tom\u0113r vi\u0146\u0161 bija kl\u0101t, lai atbalst\u012btu komandu \u0161\u012b svar\u012bg\u0101 nosl\u0113guma posm\u0101. V\u0101cijas posm\u0101 Lielb\u0101r\u017ea\/Mus\u0113 ekip\u0101\u017ea izc\u012bn\u012bja 12. un sesto vietu savos braucienos, kopsumm\u0101 ie\u0146emot dev\u012bto vietu posm\u0101. Lai gan \u0161is rezult\u0101ts nebija pats spo\u017e\u0101kais, tas nekav\u0113ja br\u0101\u013cus Lielb\u0101r\u017eus saglab\u0101t savu ceturto poz\u012bciju pasaules \u010dempion\u0101ta kopv\u0113rt\u0113jum\u0101, kas ir izcils komandas pan\u0101kums. \u0160\u012b ekip\u0101\u017ea ir pier\u0101d\u012bjusi savu sp\u0113ju c\u012bn\u012bties ar pasaules lab\u0101kajiem, g\u016bstot v\u0113rt\u012bgu pieredzi un apliecinot Latvijas motokrosa sp\u0113ku.<\/p>\n<p>Spraig\u0101 C\u012b\u0146\u0101 Par Pasaules Titulu<\/p>\n<p>Par 2025. gada pasaules \u010dempioniem blakusv\u0101\u0123u motokros\u0101 k\u013cuva N\u012bderlandes duets K\u016bns Hermanss un Bens van den Bog\u0101rts. Vi\u0146i nodro\u0161in\u0101ja sev augst\u0101ko titulu p\u0113c aizraujo\u0161as sezonas, kas nosl\u0113dz\u0101s V\u0101cij\u0101. Hermansam \u0161is ir pirmais pasaules \u010dempiona tituls, savuk\u0101rt van den Bog\u0101rtam tas ir jau piektais karjer\u0101, apliecinot vi\u0146a ilggad\u0113jo pieredzi un meistar\u012bbu. Titula iz\u0161\u0137iro\u0161\u0101s c\u012b\u0146as V\u0101cijas posm\u0101 bija \u012bpa\u0161i aizraujo\u0161as. Pirms p\u0113d\u0113j\u0101 posma l\u012bderpoz\u012bcij\u0101 ar nelielu p\u0101rsvaru atrad\u0101s fran\u010du br\u0101\u013ci Kilans un Evans Prunj\u0113, ta\u010du Hermans\/Van den Bog\u0101rts sp\u0113ja izr\u0101d\u012bt sp\u0113c\u012bgu pretest\u012bbu. Jau kvalifik\u0101cijas sacens\u012bb\u0101s vi\u0146i samazin\u0101ja punktu starp\u012bbu, un p\u0113c pirm\u0101 brauciena Hermans\/Van den Bog\u0101rts jau bija vad\u012bb\u0101 kopv\u0113rt\u0113jum\u0101. Lai gan otraj\u0101 braucien\u0101 vi\u0146i fini\u0161\u0113ja tre\u0161ie, kopv\u0113rt\u0113jum\u0101 V\u0101cijas posm\u0101 vi\u0146i nodro\u0161in\u0101ja sev gan uzvaru posm\u0101, gan ar\u012b pasaules \u010dempionu titulu. Franc\u016b\u017eu Prunj\u0113 ekip\u0101\u017ea palika ceturt\u0101 pirmaj\u0101 braucien\u0101 un otr\u0101 otraj\u0101, bet kopv\u0113rt\u0113jum\u0101 posm\u0101 vi\u0146i ie\u0146\u0113ma tre\u0161o vietu, piek\u0101pjoties ar\u012b Danam Fodenam\/No\u0101 Veinmanam.<\/p>\n<p>Lielb\u0101r\u017eu Ce\u013c\u0161 Uz Pan\u0101kumiem<\/p>\n<p>Br\u0101\u013ci Lielb\u0101r\u017ei \u0161osezon demonstr\u0113ja iespaid\u012bgu sniegumu, uzvarot vair\u0101kos posmos un arvien sp\u0113c\u012bg\u0101k nostiprinoties pasaules motokrosa elites vid\u016b. Iepriek\u0161\u0113j\u0101, 2024. gada sezon\u0101, Daniels un Bruno Lielb\u0101r\u017ei izc\u012bn\u012bja pasaules vice\u010dempionu titulu, kas bija vi\u0146u otrais pilnv\u0113rt\u012bgais pasaules \u010dempion\u0101ta gads. Toreiz vi\u0146i izc\u012bn\u012bja uzvaru pirmaj\u0101 braucien\u0101 It\u0101lij\u0101 notiku\u0161aj\u0101 nosl\u0113dzo\u0161aj\u0101 posm\u0101, ta\u010du kopv\u0113rt\u0113jum\u0101 piek\u0101p\u0101s be\u013c\u0123iem Marvinam Vanlu\u0161enam un Glenam Jansenam. \u0160\u012b gada sezon\u0101, neskatoties uz da\u017e\u0101diem izaicin\u0101jumiem, tostarp Bruno Lielb\u0101r\u017ea traumas, br\u0101\u013ci ir apliecin\u0101ju\u0161i savu notur\u012bbu un sp\u0113ju piel\u0101goties situ\u0101cijai. Daniels Lielb\u0101rdis pier\u0101d\u012bjis savas l\u012bdera sp\u0113jas, start\u0113jot ar\u012b ar citiem kant\u0113t\u0101jiem, piem\u0113ram, pasaules \u010dempionu Nikol\u0101 Mus\u0113, par\u0101dot savu daudzpus\u012bbu un meistar\u012bbu. Vi\u0146u sniegums pasaules \u010dempion\u0101t\u0101 ir ne tikai person\u012bgs sasniegums, bet ar\u012b noz\u012bm\u012bgs ieguld\u012bjums Latvijas motokrosa att\u012bst\u012bb\u0101 un populariz\u0113\u0161an\u0101.<\/p>\n<p>N\u0101kotnes Perspekt\u012bvas<\/p>\n<p>Lai gan sezona ir nosl\u0113gusies, br\u0101\u013ciem Lielb\u0101r\u017eiem priek\u0161\u0101 ir jauni izaicin\u0101jumi un iesp\u0113jas. Vi\u0146u nep\u0101rtrauktais progress un amb\u012bcijas liecina, ka vi\u0146i turpin\u0101s c\u012bn\u012bties par augst\u0101kaj\u0101m viet\u0101m ar\u012b turpm\u0101k. Motokrosa pasaule gaida, ko jaunu \u0161ie talant\u012bgie Latvijas sportisti par\u0101d\u012bs n\u0101kamaj\u0101s sezon\u0101s, un ceram, ka vi\u0146i turpin\u0101s nest Latvijas v\u0101rdu pasaules sporta kart\u0113 ar saviem sasniegumiem un degsmi.<\/p>\n","protected":false},"excerpt":{"rendered":"Latvijas Lielb\u0101r\u017ei Nosl\u0113dz Motokrosa Sezonu Pasaules \u010cempion\u0101t\u0101 &#8211; Ieg\u016bta Cien\u012bga Ceturt\u0101 Vieta Latvijas motosporta br\u0101\u013ci Daniels un Bruno&hellip;\n","protected":false},"author":2,"featured_media":5144,"comment_status":"","ping_status":"","sticky":false,"template":"","format":"standard","meta":{"footnotes":""},"categories":[17],"tags":[2067,2330,2329,35,39,38,36,37,34,2332,40,2331,67],"class_list":{"0":"post-5143","1":"post","2":"type-post","3":"status-publish","4":"format-standard","5":"has-post-thumbnail","7":"category-sports","8":"tag-blakusvagu-motokross","9":"tag-bruno-lielbardis","10":"tag-daniels-lielbardis","11":"tag-latvia","12":"tag-latvian","13":"tag-latviesu","14":"tag-latviesu-valoda","15":"tag-latviesuvaloda","16":"tag-latvija","17":"tag-latvijas-motokross","18":"tag-lv","19":"tag-pasaules-motokrosa-cempionats-ekipazam","20":"tag-sports"},"share_on_mastodon":{"url":"","error":""},"_links":{"self":[{"href":"https:\/\/www.europesays.com\/lv\/wp-json\/wp\/v2\/posts\/5143","targetHints":{"allow":["GET"]}}],"collection":[{"href":"https:\/\/www.europesays.com\/lv\/wp-json\/wp\/v2\/posts"}],"about":[{"href":"https:\/\/www.europesays.com\/lv\/wp-json\/wp\/v2\/types\/post"}],"author":[{"embeddable":true,"href":"https:\/\/www.europesays.com\/lv\/wp-json\/wp\/v2\/users\/2"}],"replies":[{"embeddable":true,"href":"https:\/\/www.europesays.com\/lv\/wp-json\/wp\/v2\/comments?post=5143"}],"version-history":[{"count":0,"href":"https:\/\/www.europesays.com\/lv\/wp-json\/wp\/v2\/posts\/5143\/revisions"}],"wp:featuredmedia":[{"embeddable":true,"href":"https:\/\/www.europesays.com\/lv\/wp-json\/wp\/v2\/media\/5144"}],"wp:attachment":[{"href":"https:\/\/www.europesays.com\/lv\/wp-json\/wp\/v2\/media?parent=5143"}],"wp:term":[{"taxonomy":"category","embeddable":true,"href":"https:\/\/www.europesays.com\/lv\/wp-json\/wp\/v2\/categories?post=5143"},{"taxonomy":"post_tag","embeddable":true,"href":"https:\/\/www.europesays.com\/lv\/wp-json\/wp\/v2\/tags?post=5143"}],"curies":[{"name":"wp","href":"https:\/\/api.w.org\/{rel}","templated":true}]}}