{"id":51451,"date":"2025-11-17T06:44:08","date_gmt":"2025-11-17T06:44:08","guid":{"rendered":"https:\/\/www.europesays.com\/lv\/51451\/"},"modified":"2025-11-17T06:44:08","modified_gmt":"2025-11-17T06:44:08","slug":"vietam-latvija-autoceli-ir-sniegoti-un-apledo-apollo-lv","status":"publish","type":"post","link":"https:\/\/www.europesays.com\/lv\/51451\/","title":{"rendered":"Viet\u0101m Latvij\u0101 autoce\u013ci ir sniegoti un apledo &#8211; Apollo.lv"},"content":{"rendered":"<ol>\n<li><a href=\"https:\/\/news.google.com\/rss\/articles\/CBMigAFBVV95cUxNcEFIcHZiU3AzTWdMRFVNdnhQbmxKeGVwT2gtX0pqWXR4UmRjc1c3emxxbF94dV90a08yRXN4RUVSaklEZkZReVI0Nl9RY2JPWFk4b1NZZGpTUENsaVhvMVh3V0ZxZzQ0M1NRekNsSDVnX1o1b2d2ME4yNy10Vktxdg?oc=5\" target=\"_blank\" rel=\"nofollow noopener\">Viet\u0101m Latvij\u0101 autoce\u013ci ir sniegoti un apledo<\/a>&nbsp;&nbsp;Apollo.lv<\/li>\n<li><a href=\"https:\/\/news.google.com\/rss\/articles\/CBMiqAFBVV95cUxOODY3NEFuSndYVTBfU3BFd0ZqSFFnaFpNZ05DU1c4Q0dpdXhIZi1xMndONkFobEFoakhkVFFNQy16VzBtUkdnUVdESU9PNGpnRVlaSXcwalliYTRTMDlMTU8wVmhwbUVGNjk5RGFpTENkYzdRN2ZtWHNQcG5DaTVxMWE0REFCR0hjb011bUJCQi1sWDllRnliMndfZTRBeUROcGJuMUZQRm8?oc=5\" target=\"_blank\" rel=\"nofollow noopener\">Vidzem\u0113, Latgal\u0113 un viet\u0101m Kurzem\u0113 apledo ce\u013ci \/ Raksts<\/a>&nbsp;&nbsp;LSM<\/li>\n<li><a href=\"https:\/\/news.google.com\/rss\/articles\/CBMihgFBVV95cUxONUF1QmUtS2RfSXRwNzgxd0E2VWs5VkY4TDMwd0pLUThmSjZIci10QXBiWmFDZU9UcUdmWHVCWkstVldCdU9nd05zZjJYaHV5SHB4RU0wN3VJb29LbkVEWnE0UExVa0tudXAtS0IwLUZRVDFhdXhtM0VwU2lGb2dkeGg4Umoxdw?oc=5\" target=\"_blank\" rel=\"nofollow noopener\">Liep\u0101jas apk\u0101rtn\u0113 apgr\u016btin\u0101ti brauk\u0161anas apst\u0101k\u013ci<\/a>&nbsp;&nbsp;Apollo.lv<\/li>\n<li><a href=\"https:\/\/news.google.com\/rss\/articles\/CBMirwFBVV95cUxPa29tUmthQnBsTWVvX01PWWJVZ01md3pZTDNkWk5YbUcwc2JoYklYbTNhWWpKSGFXU0xxUGJYOGRacXIxcFlMRHAwenF2cjVoN3NqX1lIWko5d0JhRjdmT0dNWjRsMTlUcUowTGpyQ0pSQUJyWmV4UU1FcTNybGR0Rl92amw2WU00MEdRRTlRYVlqLXYyWElvZVdzd1lsX1RMaUExRmZwTGVWQ3NZRGNz?oc=5\" target=\"_blank\" rel=\"nofollow noopener\">Kurzem\u0113 un Vidzem\u0113 autoce\u013ci ir sniegoti un apledojums apgr\u016btina brauk\u0161anu<\/a>&nbsp;&nbsp;Jauns.lv<\/li>\n<li><a href=\"https:\/\/news.google.com\/rss\/articles\/CBMivgFBVV95cUxQbzFvSW5WenRCOVZ5cWctMWNiaDdaZzR1T3R6UVc5aXc2UnNjNzAyYWJUSXNUYm1jaEtRTGkwdmFtNDRNV3FwRThsblZsOUhQTnhHWGxHWXYwSEtKZ0NkVWE0ZEpyUVBGdkZIWWxqeTFXSWYzX0pvY0xZWXdCaHJ3aWpHaVdURDVka2JKNVdzYWZQVTlXc3hFcUZZNzZiT3RYdEJhcVpkaGNwcHV1d0hPekFteUJDZVpmT3RsaXBR?oc=5\" target=\"_blank\" rel=\"nofollow noopener\">Biezi miglas d\u0113\u013c apgr\u016btin\u0101ta brauk\u0161ana Kurzemes centr\u0101laj\u0101 da\u013c\u0101<\/a>&nbsp;&nbsp;Lente.lv<\/li>\n<\/ol>\n","protected":false},"excerpt":{"rendered":"Viet\u0101m Latvij\u0101 autoce\u013ci ir sniegoti un apledo&nbsp;&nbsp;Apollo.lv Vidzem\u0113, Latgal\u0113 un viet\u0101m Kurzem\u0113 apledo ce\u013ci \/ Raksts&nbsp;&nbsp;LSM Liep\u0101jas apk\u0101rtn\u0113&hellip;\n","protected":false},"author":2,"featured_media":51452,"comment_status":"","ping_status":"","sticky":false,"template":"","format":"standard","meta":{"footnotes":""},"categories":[5],"tags":[23,28,29,32,33,22,30,31,35,39,38,36,37,34,2857,40,20,26,27,4807,14087,24,25,21],"class_list":{"0":"post-51451","1":"post","2":"type-post","3":"status-publish","4":"format-standard","5":"has-post-thumbnail","7":"category-aktualitates","8":"tag-aktualitates","9":"tag-breaking-news","10":"tag-breakingnews","11":"tag-featured-news","12":"tag-featurednews","13":"tag-headlines","14":"tag-latest-news","15":"tag-latestnews","16":"tag-latvia","17":"tag-latvian","18":"tag-latviesu","19":"tag-latviesu-valoda","20":"tag-latviesuvaloda","21":"tag-latvija","22":"tag-latvijas-valsts-celi","23":"tag-lv","24":"tag-news","25":"tag-popularakas-zinas","26":"tag-popularakaszinas","27":"tag-sniegs","28":"tag-sniegs-uz-ielam","29":"tag-top-stories","30":"tag-topstories","31":"tag-zinas"},"share_on_mastodon":{"url":"https:\/\/pubeurope.com\/@lv\/115563689678130426","error":""},"_links":{"self":[{"href":"https:\/\/www.europesays.com\/lv\/wp-json\/wp\/v2\/posts\/51451","targetHints":{"allow":["GET"]}}],"collection":[{"href":"https:\/\/www.europesays.com\/lv\/wp-json\/wp\/v2\/posts"}],"about":[{"href":"https:\/\/www.europesays.com\/lv\/wp-json\/wp\/v2\/types\/post"}],"author":[{"embeddable":true,"href":"https:\/\/www.europesays.com\/lv\/wp-json\/wp\/v2\/users\/2"}],"replies":[{"embeddable":true,"href":"https:\/\/www.europesays.com\/lv\/wp-json\/wp\/v2\/comments?post=51451"}],"version-history":[{"count":0,"href":"https:\/\/www.europesays.com\/lv\/wp-json\/wp\/v2\/posts\/51451\/revisions"}],"wp:featuredmedia":[{"embeddable":true,"href":"https:\/\/www.europesays.com\/lv\/wp-json\/wp\/v2\/media\/51452"}],"wp:attachment":[{"href":"https:\/\/www.europesays.com\/lv\/wp-json\/wp\/v2\/media?parent=51451"}],"wp:term":[{"taxonomy":"category","embeddable":true,"href":"https:\/\/www.europesays.com\/lv\/wp-json\/wp\/v2\/categories?post=51451"},{"taxonomy":"post_tag","embeddable":true,"href":"https:\/\/www.europesays.com\/lv\/wp-json\/wp\/v2\/tags?post=51451"}],"curies":[{"name":"wp","href":"https:\/\/api.w.org\/{rel}","templated":true}]}}