{"id":51490,"date":"2025-11-17T07:31:12","date_gmt":"2025-11-17T07:31:12","guid":{"rendered":"https:\/\/www.europesays.com\/lv\/51490\/"},"modified":"2025-11-17T07:31:12","modified_gmt":"2025-11-17T07:31:12","slug":"igaunija-pvn-samazinajuma-iniciativa-partikai-klust-par-visu-laiku-visvairak-parakstito-lente-lv","status":"publish","type":"post","link":"https:\/\/www.europesays.com\/lv\/51490\/","title":{"rendered":"Igaunij\u0101 PVN samazin\u0101juma iniciat\u012bva p\u0101rtikai k\u013c\u016bst par visu laiku visvair\u0101k parakst\u012bto\u00a0\u2014\u00a0Lente.lv"},"content":{"rendered":"<p>Igaunijas tautas iniciat\u012bva p\u0101rtikas nodok\u013ca jaut\u0101jum\u0101 sasniedz v\u0113sturisku atz\u012bmi<\/p>\n<p>Igaunij\u0101 v\u0113rojama iev\u0113rojama pilsonisk\u0101s sabiedr\u012bbas aktivit\u0101te, jo tautas iniciat\u012bva, kas aicina samazin\u0101t pievienot\u0101s v\u0113rt\u012bbas nodok\u013ca (PVN) likmi p\u0101rtikas produktiem l\u012bdz 10%, ir ieguvusi satrieco\u0161u atbalstu. Iniciat\u012bva ir sav\u0101kusi gandr\u012bz 100 000 parakstu, padarot to par visu laiku vismasveid\u012bg\u0101ko tautas iniciat\u012bvu valsts v\u0113stur\u0113. \u0160is iespaid\u012bgais skaitlis liecina par dzi\u013c\u0101m iedz\u012bvot\u0101ju ba\u017e\u0101m par p\u0101rtikas cenu pieaugumu un sp\u0113c\u012bgu v\u0113lmi p\u0113c risin\u0101jumiem, kas mazin\u0101tu finansi\u0101lo slogu m\u0101jsaimniec\u012bb\u0101m.<\/p>\n<p>Pla\u0161a sabiedr\u012bbas rezonanse un politisk\u0101s sekas<\/p>\n<p>Igaunijas sabiedriskais medijs zi\u0146o, ka parakstu skaits ir p\u0101rsniedzis visus iepriek\u0161\u0113jos rekordus, kas demonstr\u0113 \u0161\u012bs t\u0113mas noz\u012bm\u012bgumu un steidzam\u012bbu Igaunijas sabiedr\u012bb\u0101. \u0160\u0101ds pla\u0161s atbalsts nevar palikt nepaman\u012bts politiskaj\u0101 ar\u0113n\u0101. Tiek sagaid\u012bts, ka \u0161\u012b masveid\u012bg\u0101 iniciat\u012bva rad\u012bs spiedienu uz vald\u012bbu un parlamentu, lai nopietni izskat\u012btu priek\u0161likumu par PVN samazin\u0101\u0161anu. Tas var\u0113tu b\u016bt pagrieziena punkts diskusij\u0101s par nodok\u013cu politiku un t\u0101s ietekmi uz ikdienas dz\u012bvi.<\/p>\n<p>Iedz\u012bvot\u0101ju ba\u017eas un cer\u012bbas<\/p>\n<p>Aiz katra paraksta st\u0101v cilv\u0113ku st\u0101sti \u2013 \u0123imenes, kas cen\u0161as savilkt galus kop\u0101, pension\u0101ri, kuru ien\u0101kumi nav main\u012bju\u0161ies l\u012bdztekus pre\u010du cen\u0101m, un jaunie\u0161i, kas saskaras ar augo\u0161\u0101m izmaks\u0101m. PVN samazin\u0101\u0161ana p\u0101rtikas produktiem tiek uzskat\u012bta par tie\u0161u un efekt\u012bvu veidu, k\u0101 atvieglot \u0161o finansi\u0101lo spiedienu. T\u0101 ir cer\u012bba uz re\u0101lu uzlabojumu pirktsp\u0113j\u0101 un iesp\u0113ja nodro\u0161in\u0101t vesel\u012bg\u0101ku uzturu, neapdraudot bud\u017eetu. L\u012bdz\u012bgi k\u0101 daudz\u0101s cit\u0101s valst\u012bs, ar\u012b Igaunij\u0101 p\u0101rtikas cenas ir k\u013cuvu\u0161as par karstu tematu, un iedz\u012bvot\u0101ji akt\u012bvi mekl\u0113 veidus, k\u0101 rea\u0123\u0113t uz infl\u0101cijas rad\u012btaj\u0101m sek\u0101m.<\/p>\n<p>N\u0101kamie so\u013ci un politisk\u0101 iz\u0161\u0137ir\u0161an\u0101s<\/p>\n<p>Tagad, kad iniciat\u012bva ir sav\u0101kusi nepiecie\u0161amo parakstu skaitu, t\u0101 ofici\u0101li tiks iesniegta parlament\u0101 izskat\u012b\u0161anai. Politi\u0137iem b\u016bs j\u0101rea\u0123\u0113 uz \u0161o sp\u0113c\u012bgo tautas gribu. Diskusijas par PVN likmes samazin\u0101\u0161anu var\u0113tu b\u016bt intens\u012bvas, iesaistot argumentus par valsts bud\u017eeta ie\u0146\u0113mumiem, potenci\u0101lo ekonomisko ietekmi un soci\u0101lo taisn\u012bgumu. Vai vald\u012bba sp\u0113s rast kompromisu un \u012bstenot \u0161o tautas piepras\u012bjumu, vai iniciat\u012bva paliks simbolisks \u017eests \u2013 tas r\u0101d\u012bs laiks. Ta\u010du skaidrs ir viens: Igaunijas iedz\u012bvot\u0101ji ir par\u0101d\u012bju\u0161i, ka vi\u0146i ir gatavi akt\u012bvi iesaist\u012bties l\u0113mumu pie\u0146em\u0161an\u0101 par jaut\u0101jumiem, kas tie\u0161i ietekm\u0113 vi\u0146u dz\u012bvi.<\/p>\n<p>Sal\u012bdzin\u0101jums ar cit\u0101m iniciat\u012bv\u0101m<\/p>\n<p>\u0160\u012b iniciat\u012bva izce\u013cas uz citu tautas iniciat\u012bvu fona ne tikai ar savu v\u0113sturisko parakstu skaitu, bet ar\u012b ar t\u0101s tie\u0161o saikni ar ikdienas cilv\u0113ku dz\u012bvi. Kam\u0113r citas iniciat\u012bvas var fokus\u0113ties uz specifisk\u0101kiem juridiskajiem vai politiskajiem jaut\u0101jumiem, p\u0101rtikas cenu samazin\u0101\u0161ana skar ikvienu. Tas ir univers\u0101ls jaut\u0101jums, kas izraisa sp\u0113c\u012bgas emocijas un mudina cilv\u0113kus r\u012bkoties. L\u012bdz\u012bgi piem\u0113ri, kur tautas iniciat\u012bvas ir guvu\u0161as pla\u0161u atbalstu, bie\u017ei vien ir saist\u012bti ar soci\u0101li noz\u012bm\u012bgiem jaut\u0101jumiem, piem\u0113ram, vides aizsardz\u012bbu vai vesel\u012bbas apr\u016bpes pieejam\u012bbu.<\/p>\n<p>Iesp\u0113jam\u0101s sekas un n\u0101kotnes perspekt\u012bvas<\/p>\n<p>PVN likmes samazin\u0101\u0161ana p\u0101rtikas produktiem var\u0113tu sniegt t\u016bl\u012bt\u0113ju atvieglojumu iedz\u012bvot\u0101jiem, palielinot vi\u0146u pirktsp\u0113ju. Tom\u0113r ir svar\u012bgi apsv\u0113rt ar\u012b potenci\u0101l\u0101s ilgtermi\u0146a sekas. K\u0101 tas ietekm\u0113s valsts bud\u017eetu? Vai tas stimul\u0113s pat\u0113ri\u0146u un ekonomikas izaugsmi, vai ar\u012b rad\u012bs bud\u017eeta defic\u012btu? Vai p\u0101rtikas ra\u017eot\u0101ji un tirgot\u0101ji patie\u0161\u0101m nodot \u0161o nodok\u013cu samazin\u0101jumu pat\u0113r\u0113t\u0101jiem, vai ar\u012b palielin\u0101s savus ien\u0101kumus? \u0160ie ir sare\u017e\u0123\u012bti jaut\u0101jumi, kas pras\u012bs r\u016bp\u012bgu anal\u012bzi un atv\u0113rtu diskusiju. Jebkur\u0101 gad\u012bjum\u0101, \u0161\u012b iniciat\u012bva ir skaidrs sign\u0101ls politiskajai elitei, ka iedz\u012bvot\u0101ji ir inform\u0113ti, akt\u012bvi un gatavi piepras\u012bt izmai\u0146as.<\/p>\n","protected":false},"excerpt":{"rendered":"Igaunijas tautas iniciat\u012bva p\u0101rtikas nodok\u013ca jaut\u0101jum\u0101 sasniedz v\u0113sturisku atz\u012bmi Igaunij\u0101 v\u0113rojama iev\u0113rojama pilsonisk\u0101s sabiedr\u012bbas aktivit\u0101te, jo tautas iniciat\u012bva,&hellip;\n","protected":false},"author":2,"featured_media":51491,"comment_status":"","ping_status":"","sticky":false,"template":"","format":"standard","meta":{"footnotes":""},"categories":[12],"tags":[23,28,29,32,33,22,14097,30,31,35,39,38,36,37,34,40,20,996,44,14098,26,27,14096,24,25,21],"class_list":{"0":"post-51490","1":"post","2":"type-post","3":"status-publish","4":"format-standard","5":"has-post-thumbnail","7":"category-latvija","8":"tag-aktualitates","9":"tag-breaking-news","10":"tag-breakingnews","11":"tag-featured-news","12":"tag-featurednews","13":"tag-headlines","14":"tag-igaunijas-tautas-iniciativa","15":"tag-latest-news","16":"tag-latestnews","17":"tag-latvia","18":"tag-latvian","19":"tag-latviesu","20":"tag-latviesu-valoda","21":"tag-latviesuvaloda","22":"tag-latvija","23":"tag-lv","24":"tag-news","25":"tag-nodoklu-politika","26":"tag-partikas-cenas","27":"tag-pilsoniska-sabiedriba","28":"tag-popularakas-zinas","29":"tag-popularakaszinas","30":"tag-pvn-samazinajums-partikai","31":"tag-top-stories","32":"tag-topstories","33":"tag-zinas"},"share_on_mastodon":{"url":"https:\/\/pubeurope.com\/@lv\/115563874455848260","error":""},"_links":{"self":[{"href":"https:\/\/www.europesays.com\/lv\/wp-json\/wp\/v2\/posts\/51490","targetHints":{"allow":["GET"]}}],"collection":[{"href":"https:\/\/www.europesays.com\/lv\/wp-json\/wp\/v2\/posts"}],"about":[{"href":"https:\/\/www.europesays.com\/lv\/wp-json\/wp\/v2\/types\/post"}],"author":[{"embeddable":true,"href":"https:\/\/www.europesays.com\/lv\/wp-json\/wp\/v2\/users\/2"}],"replies":[{"embeddable":true,"href":"https:\/\/www.europesays.com\/lv\/wp-json\/wp\/v2\/comments?post=51490"}],"version-history":[{"count":0,"href":"https:\/\/www.europesays.com\/lv\/wp-json\/wp\/v2\/posts\/51490\/revisions"}],"wp:featuredmedia":[{"embeddable":true,"href":"https:\/\/www.europesays.com\/lv\/wp-json\/wp\/v2\/media\/51491"}],"wp:attachment":[{"href":"https:\/\/www.europesays.com\/lv\/wp-json\/wp\/v2\/media?parent=51490"}],"wp:term":[{"taxonomy":"category","embeddable":true,"href":"https:\/\/www.europesays.com\/lv\/wp-json\/wp\/v2\/categories?post=51490"},{"taxonomy":"post_tag","embeddable":true,"href":"https:\/\/www.europesays.com\/lv\/wp-json\/wp\/v2\/tags?post=51490"}],"curies":[{"name":"wp","href":"https:\/\/api.w.org\/{rel}","templated":true}]}}