{"id":51510,"date":"2025-11-17T07:58:14","date_gmt":"2025-11-17T07:58:14","guid":{"rendered":"https:\/\/www.europesays.com\/lv\/51510\/"},"modified":"2025-11-17T07:58:14","modified_gmt":"2025-11-17T07:58:14","slug":"portugale-sagrauj-armeniju-un-nodrosina-vietu-pk-iri-iespraucas-parspeles-futbols-sportacentrs-com","status":"publish","type":"post","link":"https:\/\/www.europesays.com\/lv\/51510\/","title":{"rendered":"Portug\u0101le sagrauj Arm\u0113niju un nodro\u0161ina vietu PK, \u012ari iespraucas p\u0101rsp\u0113l\u0113s \u2013 Futbols \u2013 Sportacentrs.com"},"content":{"rendered":"<p>Portug\u0101le kvalifik\u0101cijas F grupas nosl\u0113dzo\u0161o ma\u010du aizvad\u012bja bez Kri\u0161tianu Ronaldu, kur\u0161 iepriek\u0161\u0113j\u0101 sp\u0113l\u0113 pirmo reizi valstsvien\u012bbas krekl\u0101 nopeln\u012bja sarkano kart\u012bti. Le\u0123endas iztr\u016bkums portug\u0101\u013ciem b\u016btiskas probl\u0113mas gan nesag\u0101d\u0101ja, jo jau ma\u010da sept\u012btaj\u0101 min\u016bt\u0113 Renato Veiga vad\u012bb\u0101 izvirz\u012bja m\u0101jinieci Portug\u0101li.<\/p>\n<p>Tam sekoja Gonsalu Ramosa prec\u012bzs sitiens un \u017duau Neve\u0161a divi v\u0101rti, kas 41. min\u016bt\u0113 Portug\u0101lei \u013c\u0101va atrasties vad\u012bb\u0101 jau ar 4:1. Pirm\u0101 puslaika kompens\u0101cijas laik\u0101 no 11 metru soda sitiena atz\u012bmes prec\u012bzs bija ar\u012b Brunu Fernandi\u0161s.<\/p>\n<p>Otraj\u0101 puslaik\u0101 \u2033hat-trick\u2033 noform\u0113ja gan Neve\u0161s, gan Fernandi\u0161s, bet ma\u010da izska\u0146\u0101 pie\u0161\u0137irtaj\u0101 kompens\u0101cijas laik\u0101 atz\u012bm\u0113j\u0101s ar\u012b Fran\u0161isku Konseisau. Arm\u0113\u0146u goda v\u0101rtus pirmaj\u0101 puslaik\u0101 guva Eduards Spertsjans.<\/p>\n<p>F grup\u0101 vietu p\u0101rsp\u0113l\u0113s nopeln\u012bja \u012arija, kas ar 3:2 (2:1) p\u0101rsp\u0113ja tie\u0161o konkurenti Ung\u0101riju.<\/p>\n<p>\u0160aj\u0101 sp\u0113l\u0113 l\u012bdz pat ma\u010da beigu kompens\u0101cijas laikam rezult\u0101ts bija 2:2, kas noz\u012bm\u0113tu ung\u0101ru dal\u012bbu p\u0101rsp\u0113l\u0113s. Tom\u0113r kompens\u0101cijas laika sestaj\u0101 min\u016bt\u0113 uzvaru \u012arijai izr\u0101va Trojs Parots, reiz\u0113 noform\u0113jot \u2033hat-trick\u2033.<\/p>\n<p>2026. gada Pasaules kausa kvalifik\u0101cija. Sp\u0113les Eiropas zon\u0101 16. novembr\u012b<\/p>\n<tr>Gr.Sp\u0113leRezult\u0101tsV\u0101rtu guv\u0113ji<\/tr>\n<tr class=\"even\">\n<td>F<\/td>\n<td>Ung\u0101rija \u2013 \u012arija<\/td>\n<td>2:3 (2:1)<\/td>\n<td>Kuk\u0101cs 3\u2032 Varga 37\u2032 \u2013 Parots 15\u2032 (11m) 80\u2032 90+6\u2032<\/td>\n<\/tr>\n<tr class=\"odd\">\n<td>F<\/td>\n<td>Portug\u0101le \u2013 Arm\u0113nija<\/td>\n<td>9:1 (5:1)<\/td>\n<td>Varga 7\u2032 Ramoss 28\u2032 Neve\u0161s 30\u2032 41\u2032 81\u2032 Fernandi\u0161s 45+3\u2032 (11m) 51\u2032 72\u2032 (11m) Konseisau 90+2\u2032<\/td>\n<\/tr>\n<tr class=\"even\">\n<td>D<\/td>\n<td>Ukraina \u2013 Islande<\/td>\n<td>19.00<\/td>\n<td><\/td>\n<\/tr>\n<tr class=\"odd\">\n<td>K<\/td>\n<td>Serbija &#8211; Latvija<\/td>\n<td>19.00<\/td>\n<td><\/td>\n<\/tr>\n<tr class=\"even\">\n<td>K<\/td>\n<td>Alb\u0101nija \u2013 Anglija<\/td>\n<td>19.00<\/td>\n<td><\/td>\n<\/tr>\n<tr class=\"odd\">\n<td>D<\/td>\n<td>Azerbaid\u017e\u0101na \u2013 Francija<\/td>\n<td>19.00<\/td>\n<td><\/td>\n<\/tr>\n<tr class=\"even\">\n<td>I<\/td>\n<td>Izra\u0113la \u2013 Moldova<\/td>\n<td>21.45<\/td>\n<td><\/td>\n<\/tr>\n<tr class=\"odd\">\n<td>I<\/td>\n<td>It\u0101lija \u2013 Norv\u0113\u0123ija<\/td>\n<td>21.45<\/td>\n<td><\/td>\n<\/tr>\n<p>Kvalifik\u0101cijas F grupa<\/p>\n<tr>VKomandaSUNZV\u0101rtiP<\/tr>\n<tr class=\"even\">\n<td>1.<\/td>\n<td>Portug\u0101le<\/td>\n<td class=\"ralign\">6<\/td>\n<td class=\"ralign\">4<\/td>\n<td class=\"ralign\">1<\/td>\n<td class=\"ralign\">0<\/td>\n<td class=\"ralign\">20:7<\/td>\n<td class=\"ralign\">13<\/td>\n<\/tr>\n<tr class=\"odd\">\n<td>2.<\/td>\n<td>\u012arija<\/td>\n<td class=\"ralign\">6<\/td>\n<td class=\"ralign\">3<\/td>\n<td class=\"ralign\">1<\/td>\n<td class=\"ralign\">2<\/td>\n<td class=\"ralign\">9:7<\/td>\n<td class=\"ralign\">10<\/td>\n<\/tr>\n<tr class=\"even\">\n<td>3.<\/td>\n<td>Ung\u0101rija<\/td>\n<td class=\"ralign\">6<\/td>\n<td class=\"ralign\">2<\/td>\n<td class=\"ralign\">2<\/td>\n<td class=\"ralign\">2<\/td>\n<td class=\"ralign\">11:10<\/td>\n<td class=\"ralign\">8<\/td>\n<\/tr>\n<tr class=\"odd\">\n<td>4.<\/td>\n<td>Arm\u0113nija<\/td>\n<td class=\"ralign\">6<\/td>\n<td class=\"ralign\">1<\/td>\n<td class=\"ralign\">0<\/td>\n<td class=\"ralign\">5<\/td>\n<td class=\"ralign\">3:19<\/td>\n<td class=\"ralign\">3<\/td>\n<\/tr>\n","protected":false},"excerpt":{"rendered":"Portug\u0101le kvalifik\u0101cijas F grupas nosl\u0113dzo\u0161o ma\u010du aizvad\u012bja bez Kri\u0161tianu Ronaldu, kur\u0161 iepriek\u0161\u0113j\u0101 sp\u0113l\u0113 pirmo reizi valstsvien\u012bbas krekl\u0101 nopeln\u012bja&hellip;\n","protected":false},"author":2,"featured_media":51511,"comment_status":"","ping_status":"","sticky":false,"template":"","format":"standard","meta":{"footnotes":""},"categories":[17],"tags":[676,35,39,38,36,37,34,40,67],"class_list":{"0":"post-51510","1":"post","2":"type-post","3":"status-publish","4":"format-standard","5":"has-post-thumbnail","7":"category-sports","8":"tag-futbols","9":"tag-latvia","10":"tag-latvian","11":"tag-latviesu","12":"tag-latviesu-valoda","13":"tag-latviesuvaloda","14":"tag-latvija","15":"tag-lv","16":"tag-sports"},"share_on_mastodon":{"url":"https:\/\/pubeurope.com\/@lv\/115563980630576251","error":""},"_links":{"self":[{"href":"https:\/\/www.europesays.com\/lv\/wp-json\/wp\/v2\/posts\/51510","targetHints":{"allow":["GET"]}}],"collection":[{"href":"https:\/\/www.europesays.com\/lv\/wp-json\/wp\/v2\/posts"}],"about":[{"href":"https:\/\/www.europesays.com\/lv\/wp-json\/wp\/v2\/types\/post"}],"author":[{"embeddable":true,"href":"https:\/\/www.europesays.com\/lv\/wp-json\/wp\/v2\/users\/2"}],"replies":[{"embeddable":true,"href":"https:\/\/www.europesays.com\/lv\/wp-json\/wp\/v2\/comments?post=51510"}],"version-history":[{"count":0,"href":"https:\/\/www.europesays.com\/lv\/wp-json\/wp\/v2\/posts\/51510\/revisions"}],"wp:featuredmedia":[{"embeddable":true,"href":"https:\/\/www.europesays.com\/lv\/wp-json\/wp\/v2\/media\/51511"}],"wp:attachment":[{"href":"https:\/\/www.europesays.com\/lv\/wp-json\/wp\/v2\/media?parent=51510"}],"wp:term":[{"taxonomy":"category","embeddable":true,"href":"https:\/\/www.europesays.com\/lv\/wp-json\/wp\/v2\/categories?post=51510"},{"taxonomy":"post_tag","embeddable":true,"href":"https:\/\/www.europesays.com\/lv\/wp-json\/wp\/v2\/tags?post=51510"}],"curies":[{"name":"wp","href":"https:\/\/api.w.org\/{rel}","templated":true}]}}