{"id":51542,"date":"2025-11-17T08:24:08","date_gmt":"2025-11-17T08:24:08","guid":{"rendered":"https:\/\/www.europesays.com\/lv\/51542\/"},"modified":"2025-11-17T08:24:08","modified_gmt":"2025-11-17T08:24:08","slug":"riga-demonstres-dokumentalo-filmu-par-ukrainas-beglu-pieredzi-krievijas-okupacija","status":"publish","type":"post","link":"https:\/\/www.europesays.com\/lv\/51542\/","title":{"rendered":"R\u012bg\u0101 demonstr\u0113s dokument\u0101lo filmu par Ukrainas b\u0113g\u013cu pieredzi Krievijas okup\u0101cij\u0101"},"content":{"rendered":"<p>Filma uz\u0146emta Okup\u0101cijas muzeja izst\u0101d\u0113 &#8220;\u010cekas v\u0113sture Latvij\u0101&#8221; t\u0101 d\u0113v\u0113taj\u0101 St\u016bra m\u0101j\u0101 un par\u0101da piecu Ukrainas b\u0113g\u013cu person\u012bgos st\u0101stus par izdz\u012bvo\u0161anu Krievijas okup\u0113taj\u0101s teritorij\u0101s. Filmas producente J\u016blija Kabicina-Cabiere nor\u0101da, ka varo\u0146i dal\u0101s pieredz\u0113 par ikdienas bail\u0113m, kontroli un identit\u0101tes izn\u012bcin\u0101\u0161anu okup\u0101cijas apst\u0101k\u013cos.<\/p>\n<p>Filmas izr\u0101de muzej\u0101 notiks vienlaikus ar pasaules pirmizr\u0101di. Filma tiks straum\u0113ta Latvijas Okup\u0101cijas muzeja soci\u0101l\u0101 medija &#8220;YouTube&#8221; kan\u0101l\u0101 ar subtitriem ang\u013cu valod\u0101, bet kl\u0101tien\u0113 b\u016bs skat\u0101ma ori\u0123in\u0101lvalod\u0101 ar subtitriem latvie\u0161u valod\u0101.<\/p>\n<p>Vienlaikus darbs tiks demonstr\u0113ts ar\u012b \u017den\u0113v\u0101 Starptautisko un att\u012bst\u012bbas p\u0113t\u012bjumu instit\u016bta konferenc\u0113 &#8220;Bridging Continents: Security, Human Rights Violations, and Disinformation from Europe to Africa&#8221;, ko r\u012bko Latvijas, Igaunijas un Polijas p\u0101rst\u0101vniec\u012bbas ANO.<\/p>\n","protected":false},"excerpt":{"rendered":"Filma uz\u0146emta Okup\u0101cijas muzeja izst\u0101d\u0113 &#8220;\u010cekas v\u0113sture Latvij\u0101&#8221; t\u0101 d\u0113v\u0113taj\u0101 St\u016bra m\u0101j\u0101 un par\u0101da piecu Ukrainas b\u0113g\u013cu person\u012bgos&hellip;\n","protected":false},"author":2,"featured_media":48396,"comment_status":"","ping_status":"","sticky":false,"template":"","format":"standard","meta":{"footnotes":""},"categories":[14],"tags":[23,57,28,29,32,33,22,74,30,31,35,39,38,36,37,34,40,20,26,27,24,25,276,54,55,56,21,58],"class_list":{"0":"post-51542","1":"post","2":"type-post","3":"status-publish","4":"format-standard","5":"has-post-thumbnail","7":"category-zinas-no-arvalstim","8":"tag-aktualitates","9":"tag-arvalstim","10":"tag-breaking-news","11":"tag-breakingnews","12":"tag-featured-news","13":"tag-featurednews","14":"tag-headlines","15":"tag-krievijas-iebrukums-ukraina","16":"tag-latest-news","17":"tag-latestnews","18":"tag-latvia","19":"tag-latvian","20":"tag-latviesu","21":"tag-latviesu-valoda","22":"tag-latviesuvaloda","23":"tag-latvija","24":"tag-lv","25":"tag-news","26":"tag-popularakas-zinas","27":"tag-popularakaszinas","28":"tag-top-stories","29":"tag-topstories","30":"tag-ukraina","31":"tag-world","32":"tag-world-news","33":"tag-worldnews","34":"tag-zinas","35":"tag-zinas-no-arvalstim"},"share_on_mastodon":{"url":"https:\/\/pubeurope.com\/@lv\/115564082793772915","error":""},"_links":{"self":[{"href":"https:\/\/www.europesays.com\/lv\/wp-json\/wp\/v2\/posts\/51542","targetHints":{"allow":["GET"]}}],"collection":[{"href":"https:\/\/www.europesays.com\/lv\/wp-json\/wp\/v2\/posts"}],"about":[{"href":"https:\/\/www.europesays.com\/lv\/wp-json\/wp\/v2\/types\/post"}],"author":[{"embeddable":true,"href":"https:\/\/www.europesays.com\/lv\/wp-json\/wp\/v2\/users\/2"}],"replies":[{"embeddable":true,"href":"https:\/\/www.europesays.com\/lv\/wp-json\/wp\/v2\/comments?post=51542"}],"version-history":[{"count":0,"href":"https:\/\/www.europesays.com\/lv\/wp-json\/wp\/v2\/posts\/51542\/revisions"}],"wp:featuredmedia":[{"embeddable":true,"href":"https:\/\/www.europesays.com\/lv\/wp-json\/wp\/v2\/media\/48396"}],"wp:attachment":[{"href":"https:\/\/www.europesays.com\/lv\/wp-json\/wp\/v2\/media?parent=51542"}],"wp:term":[{"taxonomy":"category","embeddable":true,"href":"https:\/\/www.europesays.com\/lv\/wp-json\/wp\/v2\/categories?post=51542"},{"taxonomy":"post_tag","embeddable":true,"href":"https:\/\/www.europesays.com\/lv\/wp-json\/wp\/v2\/tags?post=51542"}],"curies":[{"name":"wp","href":"https:\/\/api.w.org\/{rel}","templated":true}]}}