{"id":51543,"date":"2025-11-17T08:26:09","date_gmt":"2025-11-17T08:26:09","guid":{"rendered":"https:\/\/www.europesays.com\/lv\/51543\/"},"modified":"2025-11-17T08:26:09","modified_gmt":"2025-11-17T08:26:09","slug":"nakti-glabeju-palidziba-bijusi-nepieciesama-no-cela-nobraukusa-autobusa-pasazieriem","status":"publish","type":"post","link":"https:\/\/www.europesays.com\/lv\/51543\/","title":{"rendered":"Nakt\u012b gl\u0101b\u0113ju pal\u012bdz\u012bba bijusi nepiecie\u0161ama no ce\u013ca nobrauku\u0161a autobusa pasa\u017eieriem"},"content":{"rendered":"<p>Izsaukums tika sa\u0146emts plkst. 00.51. Aug\u0161daugavas novada L\u012bksnas pagast\u0101 autobuss ar pasa\u017eieriem bija nobraucis no ce\u013ca braucam\u0101s da\u013cas un atrad\u0101s uz nomales.<\/p>\n<p>Gl\u0101b\u0113ji pal\u012bdz\u0113ja 26 cilv\u0113kiem izk\u013c\u016bt no autobusa. K\u0101 skaidroja <a href=\"https:\/\/www.tvnet.lv\/term\/555464\/vugd\" class=\"topicLink\" target=\"_blank\" rel=\"nofollow noopener\">VUGD<\/a> preses p\u0101rst\u0101ve Viktorija Gribuste, nav inform\u0101cijas, ka k\u0101ds \u0161aj\u0101 ce\u013cu satiksmes negad\u012bjum\u0101 b\u016btu cietis.<\/p>\n<p>Darbs notikuma viet\u0101 nosl\u0113dz\u0101s plkst. 01.24.<\/p>\n<p>Aizvad\u012btaj\u0101 diennakt\u012b dienests sa\u0146\u0113ma 40 izsaukumus &#8211; se\u0161us uz ugunsgr\u0113ku dz\u0113\u0161anu, 22 uz gl\u0101b\u0161anas darbiem, bet 12 izsaukumi bija maldin\u0101jumi.<\/p>\n","protected":false},"excerpt":{"rendered":"Izsaukums tika sa\u0146emts plkst. 00.51. Aug\u0161daugavas novada L\u012bksnas pagast\u0101 autobuss ar pasa\u017eieriem bija nobraucis no ce\u013ca braucam\u0101s da\u013cas&hellip;\n","protected":false},"author":2,"featured_media":51544,"comment_status":"","ping_status":"","sticky":false,"template":"","format":"standard","meta":{"footnotes":""},"categories":[5],"tags":[23,28,29,32,33,22,30,31,35,39,38,36,37,34,40,20,12865,26,27,24,25,4908,21],"class_list":{"0":"post-51543","1":"post","2":"type-post","3":"status-publish","4":"format-standard","5":"has-post-thumbnail","7":"category-aktualitates","8":"tag-aktualitates","9":"tag-breaking-news","10":"tag-breakingnews","11":"tag-featured-news","12":"tag-featurednews","13":"tag-headlines","14":"tag-latest-news","15":"tag-latestnews","16":"tag-latvia","17":"tag-latvian","18":"tag-latviesu","19":"tag-latviesu-valoda","20":"tag-latviesuvaloda","21":"tag-latvija","22":"tag-lv","23":"tag-news","24":"tag-pasazieris","25":"tag-popularakas-zinas","26":"tag-popularakaszinas","27":"tag-top-stories","28":"tag-topstories","29":"tag-vugd","30":"tag-zinas"},"share_on_mastodon":{"url":"https:\/\/pubeurope.com\/@lv\/115564090697298165","error":""},"_links":{"self":[{"href":"https:\/\/www.europesays.com\/lv\/wp-json\/wp\/v2\/posts\/51543","targetHints":{"allow":["GET"]}}],"collection":[{"href":"https:\/\/www.europesays.com\/lv\/wp-json\/wp\/v2\/posts"}],"about":[{"href":"https:\/\/www.europesays.com\/lv\/wp-json\/wp\/v2\/types\/post"}],"author":[{"embeddable":true,"href":"https:\/\/www.europesays.com\/lv\/wp-json\/wp\/v2\/users\/2"}],"replies":[{"embeddable":true,"href":"https:\/\/www.europesays.com\/lv\/wp-json\/wp\/v2\/comments?post=51543"}],"version-history":[{"count":0,"href":"https:\/\/www.europesays.com\/lv\/wp-json\/wp\/v2\/posts\/51543\/revisions"}],"wp:featuredmedia":[{"embeddable":true,"href":"https:\/\/www.europesays.com\/lv\/wp-json\/wp\/v2\/media\/51544"}],"wp:attachment":[{"href":"https:\/\/www.europesays.com\/lv\/wp-json\/wp\/v2\/media?parent=51543"}],"wp:term":[{"taxonomy":"category","embeddable":true,"href":"https:\/\/www.europesays.com\/lv\/wp-json\/wp\/v2\/categories?post=51543"},{"taxonomy":"post_tag","embeddable":true,"href":"https:\/\/www.europesays.com\/lv\/wp-json\/wp\/v2\/tags?post=51543"}],"curies":[{"name":"wp","href":"https:\/\/api.w.org\/{rel}","templated":true}]}}