{"id":51545,"date":"2025-11-17T08:27:08","date_gmt":"2025-11-17T08:27:08","guid":{"rendered":"https:\/\/www.europesays.com\/lv\/51545\/"},"modified":"2025-11-17T08:27:08","modified_gmt":"2025-11-17T08:27:08","slug":"koris-kamer-aicina-uz-aizraujosu-koncertu-pievilksanas-speks-rigas-a-cappella-festivala-lente-lv","status":"publish","type":"post","link":"https:\/\/www.europesays.com\/lv\/51545\/","title":{"rendered":"Koris &#8220;Kam\u0113r\u2026&#8221; aicina uz aizraujo\u0161u koncertu &#8220;Pievilk\u0161an\u0101s sp\u0113ks&#8221; R\u012bgas A Cappella festiv\u0101l\u0101\u00a0\u2014\u00a0Lente.lv"},"content":{"rendered":"<p>Ikvienam saisto\u0161s Koris &#8220;Kam\u0113r\u2026&#8221; Koncerts R\u012bg\u0101<\/p>\n<p>R\u012bgas Lutera bazn\u012bca sestdien, 15. novembr\u012b, pulksten 18.00 aicina uz \u012bpa\u0161u muzik\u0101lu baud\u012bjumu \u2013 gaid\u0101maj\u0101 vakar\u0101 uzst\u0101sies viens no Latvijas spo\u017e\u0101kajiem kora m\u0101kslas v\u0113stne\u0161iem, koris &#8220;Kam\u0113r\u2026&#8221;. \u0160is notikums notiek R\u012bgas A Cappella festiv\u0101la kr\u0101\u0161\u0146o pas\u0101kumu virkn\u0113, kas \u0161ogad iepriecina klaus\u012bt\u0101jus ar augstv\u0113rt\u012bgu m\u016bziku, aizraujo\u0161iem m\u0101ksliniekiem un vair\u0101kiem noz\u012bm\u012bgiem sv\u0113tkiem korm\u016bzikas cien\u012bt\u0101jiem.<\/p>\n<p>&#8220;Pievilk\u0161an\u0101s sp\u0113ks&#8221; \u2013 Ener\u0123ijas un Emociju Pilns Vada<\/p>\n<p>Koncerta programmas nosaukums &#8220;Pievilk\u0161an\u0101s sp\u0113ks&#8221; v\u0113st\u012b par neparastu un fascin\u0113jo\u0161u ce\u013cojumu cauri ska\u0146\u0101m un j\u016bt\u0101m. \u010cetrk\u0101rt\u0113jiem Eiropas koru &#8220;Grand Prix&#8221; ieguv\u0113jiem piem\u012bt unik\u0101la sp\u0113ja savaldzin\u0101t un aizraut klaus\u012bt\u0101jus ar savu izpild\u012bjuma meistar\u012bbu un dzi\u013co emocion\u0101lo piesk\u0101rienu. Vi\u0146u sniegums Tor\u0146akaln\u0101 sol\u0101s b\u016bt gan ener\u0123ijas pilns, gan dzi\u013ci aizkustino\u0161s, atkl\u0101jot m\u016bzikas univers\u0101lo valodu un sp\u0113ju vienot.<\/p>\n<p>R\u012bgas A Cappella Festiv\u0101ls \u2013 Kult\u016bras Notikums, Kas Iedvesmo<\/p>\n<p>R\u012bgas A Cappella festiv\u0101ls jau k\u013cuvis par gaid\u012btu notikumu m\u016bzikas dz\u012bv\u0113, pulc\u0113jot lab\u0101kos a cappella m\u0101ksliniekus no Latvijas un pasaules. Festiv\u0101la m\u0113r\u0137is ir populariz\u0113t kordzied\u0101\u0161anas trad\u012bcijas un atkl\u0101t jaunus talantus, pied\u0101v\u0101jot daudzveid\u012bgu un kvalitat\u012bvu programmu da\u017e\u0101d\u0101m gaum\u0113m. \u0160ogad festiv\u0101ls sevi apliecina ar \u012bpa\u0161i izmekl\u0113tu m\u016bziku, p\u0101rsteidzo\u0161iem priek\u0161nesumiem un noz\u012bm\u012bgiem pas\u0101kumiem, kas bag\u0101tina R\u012bgas kult\u016bras ainavu un sniedz klaus\u012bt\u0101jiem neaizmirstamus mirk\u013cus.<\/p>\n<p>Kora &#8220;Kam\u0113r\u2026&#8221; Unik\u0101lais Skan\u0113jums<\/p>\n<p>Koris &#8220;Kam\u0113r\u2026&#8221; ir apliecin\u0101jis sevi k\u0101 pasaules klases kolekt\u012bvu, ko apliecina ar\u012b t\u0101 pan\u0101kumi starptautiskajos konkursos. Vi\u0146u sp\u0113ja interpret\u0113t da\u017e\u0101du laikmetu un stilu m\u016bziku, pie\u0161\u0137irot tai savu \u012bpa\u0161o un neatk\u0101rtojamo skan\u0113jumu, ir tas, kas padara vi\u0146us tik iem\u012b\u013cotus. Koncert\u0101 &#8220;Pievilk\u0161an\u0101s sp\u0113ks&#8221; klaus\u012bt\u0101ji var sagaid\u012bt gan spo\u017eas a cappella kompoz\u012bcijas, gan emocion\u0101li pies\u0101tin\u0101tas interpret\u0101cijas, kas liks sird\u012bm pukst\u0113t vien\u0101 ritm\u0101 ar m\u016bziku. \u0160is koncerts ir lieliska iesp\u0113ja piedz\u012bvot kora &#8220;Kam\u0113r\u2026&#8221; virtuozit\u0101ti un m\u0101ksliniecisko briedumu.<\/p>\n<p>Ieskats Programm\u0101 un Gaid\u0101m\u0101s Emocijas<\/p>\n<p>Lai gan prec\u012bzs programmas saturs netiek izpausts, varam dro\u0161i apgalvot, ka koris &#8220;Kam\u0113r\u2026&#8221; sp\u0113s klaus\u012bt\u0101jus p\u0101rsteigt un iepriec\u0113t ar savu izv\u0113l\u0113to repertu\u0101ru. K\u0101 jau v\u0113st\u012b nosaukums &#8220;Pievilk\u0161an\u0101s sp\u0113ks&#8221;, gaid\u0101ms k\u0101ds emocion\u0101ls un ener\u0123\u0113tisks kopums, kas liks katram skat\u012bt\u0101jam sajusties k\u0101 da\u013cai no grandioza muzik\u0101la notikuma. \u0160\u012b nav tikai klaus\u012b\u0161an\u0101s \u2013 t\u0101 ir piedz\u012bvo\u0161ana, kur\u0101 m\u016bzika k\u013c\u016bst par tiltu starp m\u0101kslinieku un klaus\u012bt\u0101ju, radot kop\u012bgu un sp\u0113c\u012bgu dv\u0113seles rezonansi. Gaid\u012bsim ar nepaciet\u012bbu \u0161o unik\u0101lo vakaru R\u012bgas Lutera bazn\u012bc\u0101!<\/p>\n","protected":false},"excerpt":{"rendered":"Ikvienam saisto\u0161s Koris &#8220;Kam\u0113r\u2026&#8221; Koncerts R\u012bg\u0101 R\u012bgas Lutera bazn\u012bca sestdien, 15. novembr\u012b, pulksten 18.00 aicina uz \u012bpa\u0161u muzik\u0101lu&hellip;\n","protected":false},"author":2,"featured_media":51546,"comment_status":"","ping_status":"","sticky":false,"template":"","format":"standard","meta":{"footnotes":""},"categories":[19],"tags":[89,90,656,9567,115,35,39,38,36,37,34,40,14112,14113],"class_list":{"0":"post-51545","1":"post","2":"type-post","3":"status-publish","4":"format-standard","5":"has-post-thumbnail","7":"category-izklaide","8":"tag-entertainment","9":"tag-izklaide","10":"tag-koncerts-riga","11":"tag-koris-kamer","12":"tag-kormuzika","13":"tag-latvia","14":"tag-latvian","15":"tag-latviesu","16":"tag-latviesu-valoda","17":"tag-latviesuvaloda","18":"tag-latvija","19":"tag-lv","20":"tag-pievilksanas-speks","21":"tag-rigas-a-cappella-festivals"},"share_on_mastodon":{"url":"https:\/\/pubeurope.com\/@lv\/115564094671363482","error":""},"_links":{"self":[{"href":"https:\/\/www.europesays.com\/lv\/wp-json\/wp\/v2\/posts\/51545","targetHints":{"allow":["GET"]}}],"collection":[{"href":"https:\/\/www.europesays.com\/lv\/wp-json\/wp\/v2\/posts"}],"about":[{"href":"https:\/\/www.europesays.com\/lv\/wp-json\/wp\/v2\/types\/post"}],"author":[{"embeddable":true,"href":"https:\/\/www.europesays.com\/lv\/wp-json\/wp\/v2\/users\/2"}],"replies":[{"embeddable":true,"href":"https:\/\/www.europesays.com\/lv\/wp-json\/wp\/v2\/comments?post=51545"}],"version-history":[{"count":0,"href":"https:\/\/www.europesays.com\/lv\/wp-json\/wp\/v2\/posts\/51545\/revisions"}],"wp:featuredmedia":[{"embeddable":true,"href":"https:\/\/www.europesays.com\/lv\/wp-json\/wp\/v2\/media\/51546"}],"wp:attachment":[{"href":"https:\/\/www.europesays.com\/lv\/wp-json\/wp\/v2\/media?parent=51545"}],"wp:term":[{"taxonomy":"category","embeddable":true,"href":"https:\/\/www.europesays.com\/lv\/wp-json\/wp\/v2\/categories?post=51545"},{"taxonomy":"post_tag","embeddable":true,"href":"https:\/\/www.europesays.com\/lv\/wp-json\/wp\/v2\/tags?post=51545"}],"curies":[{"name":"wp","href":"https:\/\/api.w.org\/{rel}","templated":true}]}}