{"id":51625,"date":"2025-11-17T09:35:09","date_gmt":"2025-11-17T09:35:09","guid":{"rendered":"https:\/\/www.europesays.com\/lv\/51625\/"},"modified":"2025-11-17T09:35:09","modified_gmt":"2025-11-17T09:35:09","slug":"latvijas-soprans-marina-rebeka-godinata-ar-prestizo-starptautisko-operas-balvu-lente-lv-2","status":"publish","type":"post","link":"https:\/\/www.europesays.com\/lv\/51625\/","title":{"rendered":"Latvijas sopr\u0101ns Marina Rebeka godin\u0101ta ar presti\u017eo Starptautisko operas balvu\u00a0\u2014\u00a0Lente.lv"},"content":{"rendered":"<p>Latvijas slaven\u0101 dzied\u0101t\u0101ja Marina Rebeka sa\u0146em presti\u017eo Starptautisko operas balvu<\/p>\n<p>Latvijas di\u017een\u0101 dzied\u0101t\u0101ja, spo\u017eais sopr\u0101ns Marina Rebeka ir ieguvusi augsti god\u0101to Starptautisko operas balvu. \u0160is noz\u012bm\u012bgais apbalvojums kategorij\u0101, ko tradicion\u0101li pie\u0161\u0137ir presti\u017e\u0101 \u017eurn\u0101la &#8220;Opera&#8221; las\u012bt\u0101ji, ir apliecin\u0101jums vi\u0146as izcilajiem sasniegumiem pasaules operm\u016bzikas sc\u0113n\u0101. \u0160\u012b atzin\u012bba ir ne tikai personisks triumfs, bet ar\u012b liels pagodin\u0101jums Latvijas kult\u016brai.<\/p>\n<p>Ce\u013c\u0161 uz virsotn\u0113m: Marinas Rebekas karjera un pan\u0101kumi<\/p>\n<p>Marinas Rebekas balss ir k\u0101 dimants, kas mirdz ar neatk\u0101rtojamu spo\u017eumu. Vi\u0146as talants ir atpaz\u012bts un nov\u0113rt\u0113ts jau daudzus gadus, un katrs vi\u0146as uzst\u0101\u0161an\u0101s ir emocion\u0101ls notikums gan klaus\u012bt\u0101jiem, gan kriti\u0137iem. Kop\u0161 sav\u0101m pirmaj\u0101m spo\u017eaj\u0101m lom\u0101m Latvijas Nacion\u0101laj\u0101 oper\u0101, Rebeka ir k\u0101pusi pa karjeras k\u0101pn\u0113m ar apbr\u012bnojamu neatlaid\u012bbu un aizraut\u012bbu, iekarojot pasaules slaven\u0101kos opernamos un uzst\u0101joties blakus izcil\u0101kajiem m\u0101ksliniekiem.<\/p>\n<p>Vi\u0146as repertu\u0101rs ir pla\u0161s un daudzveid\u012bgs, aptverot gan klasisk\u0101s, gan m\u016bsdienu operlomas. Rebekas interpret\u0101cijas ir dzi\u013cas, jutekliskas un vienm\u0113r atkl\u0101j jaunas nokr\u0101sas paz\u012bstamos darbos. Vi\u0146a sp\u0113j ar savu balsi un skatuves kl\u0101tb\u016btni rad\u012bt neaizmirstamus t\u0113lus, iejusties katras varones dv\u0113sel\u0113 un nodot publikai vispiln\u012bg\u0101k\u0101s emocijas.<\/p>\n<p>Starptautisk\u0101s operas balva: goda apliecin\u0101jums izcil\u012bbai<\/p>\n<p>Starptautisk\u0101 operas balva ir viens no presti\u017e\u0101kajiem apbalvojumiem operm\u016bzikas pasaul\u0113, ko pie\u0161\u0137ir, balstoties uz kriti\u0137u un pla\u0161\u0101kas publikas atzin\u012bbu. T\u0101s ieguv\u0113ji ir m\u0101kslinieki, kas ir atst\u0101ju\u0161i neizdz\u0113\u0161amu iespaidu operkopien\u0101 un apliecin\u0101ju\u0161i sevi k\u0101 jaun\u0101s paaudzes zvaigznes vai nostiprin\u0101ju\u0161i savu vietu eso\u0161o le\u0123endu vid\u016b. Marinas Rebekas triumfs \u0161aj\u0101 kategorij\u0101 ir apliecin\u0101jums vi\u0146as nemain\u012bgajam sniegumam un sp\u0113jai aizraut auditoriju vis\u0101 pasaul\u0113.<\/p>\n<p>\u0160\u012b balva ir ne tikai atzin\u012bba par Marinas individu\u0101lajiem pan\u0101kumiem, bet ar\u012b par vi\u0146as nep\u0101rtraukto cent\u012bbu pilnveidoties un iedvesmot citus. Vi\u0146a ir k\u013cuvusi par iedvesmas avotu daudziem jaunajiem dzied\u0101t\u0101jiem Latvij\u0101 un cit\u0101s valst\u012bs, pier\u0101dot, ka ar talantu, darbu un kaisli ir iesp\u0113jams sasniegt pasaules l\u012bmeni.<\/p>\n<p>Latvijas lepnums uz pasaules skatuves<\/p>\n<p>Marinas Rebekas pan\u0101kumi ir Latvijas kult\u016bras spo\u017ea v\u012bz\u012btkarte pasaul\u0113. Vi\u0146as v\u0101rds ir ne\u0161\u0137irami saist\u012bts ar augst\u0101k\u0101s klases m\u0101kslu, un katrs vi\u0146as sasniegums liek mums visiem justies lepniem. \u0160is jaunais apbalvojums ir v\u0113l viens spilgts apliecin\u0101jums tam, ka Latvijai ir pasaules l\u012bme\u0146a talanti, kas sp\u0113j sniegt neaizmirstamus m\u0101kslas baud\u012bjumus.<\/p>\n<p>M\u0113s, Latvijas publika, priec\u0101jamies par Marinas Rebekas triumfu un ceram uz v\u0113l daudziem spo\u017eiem mirk\u013ciem vi\u0146as karjer\u0101. Vi\u0146as bals\u012b skan Latvijas dv\u0113sele, un vi\u0146as pan\u0101kumi ir k\u0101 dzirksto\u0161i prieka starpi m\u016bsu kult\u016bras debes\u012bs.<\/p>\n","protected":false},"excerpt":{"rendered":"Latvijas slaven\u0101 dzied\u0101t\u0101ja Marina Rebeka sa\u0146em presti\u017eo Starptautisko operas balvu Latvijas di\u017een\u0101 dzied\u0101t\u0101ja, spo\u017eais sopr\u0101ns Marina Rebeka ir&hellip;\n","protected":false},"author":2,"featured_media":51626,"comment_status":"","ping_status":"","sticky":false,"template":"","format":"standard","meta":{"footnotes":""},"categories":[19],"tags":[89,90,35,39,38,36,37,34,160,5764,40,7288,9539,14125],"class_list":{"0":"post-51625","1":"post","2":"type-post","3":"status-publish","4":"format-standard","5":"has-post-thumbnail","7":"category-izklaide","8":"tag-entertainment","9":"tag-izklaide","10":"tag-latvia","11":"tag-latvian","12":"tag-latviesu","13":"tag-latviesu-valoda","14":"tag-latviesuvaloda","15":"tag-latvija","16":"tag-latvijas-kultura","17":"tag-latvijas-muziki","18":"tag-lv","19":"tag-marina-rebeka","20":"tag-operdziedataja","21":"tag-starptautiska-operas-balva"},"share_on_mastodon":{"url":"https:\/\/pubeurope.com\/@lv\/115564361995227131","error":""},"_links":{"self":[{"href":"https:\/\/www.europesays.com\/lv\/wp-json\/wp\/v2\/posts\/51625","targetHints":{"allow":["GET"]}}],"collection":[{"href":"https:\/\/www.europesays.com\/lv\/wp-json\/wp\/v2\/posts"}],"about":[{"href":"https:\/\/www.europesays.com\/lv\/wp-json\/wp\/v2\/types\/post"}],"author":[{"embeddable":true,"href":"https:\/\/www.europesays.com\/lv\/wp-json\/wp\/v2\/users\/2"}],"replies":[{"embeddable":true,"href":"https:\/\/www.europesays.com\/lv\/wp-json\/wp\/v2\/comments?post=51625"}],"version-history":[{"count":0,"href":"https:\/\/www.europesays.com\/lv\/wp-json\/wp\/v2\/posts\/51625\/revisions"}],"wp:featuredmedia":[{"embeddable":true,"href":"https:\/\/www.europesays.com\/lv\/wp-json\/wp\/v2\/media\/51626"}],"wp:attachment":[{"href":"https:\/\/www.europesays.com\/lv\/wp-json\/wp\/v2\/media?parent=51625"}],"wp:term":[{"taxonomy":"category","embeddable":true,"href":"https:\/\/www.europesays.com\/lv\/wp-json\/wp\/v2\/categories?post=51625"},{"taxonomy":"post_tag","embeddable":true,"href":"https:\/\/www.europesays.com\/lv\/wp-json\/wp\/v2\/tags?post=51625"}],"curies":[{"name":"wp","href":"https:\/\/api.w.org\/{rel}","templated":true}]}}