{"id":51631,"date":"2025-11-17T09:40:12","date_gmt":"2025-11-17T09:40:12","guid":{"rendered":"https:\/\/www.europesays.com\/lv\/51631\/"},"modified":"2025-11-17T09:40:12","modified_gmt":"2025-11-17T09:40:12","slug":"jekabpili-uzsnidzis-pirmais-sniegs-jekabpils-laiks-jekabpils-zinas","status":"publish","type":"post","link":"https:\/\/www.europesays.com\/lv\/51631\/","title":{"rendered":"J\u0113kabpil\u012b uzsnidzis pirmais sniegs \/ J\u0113kabpils Laiks: J\u0113kabpils zi\u0146as"},"content":{"rendered":"<p>16. novembra vakar\u0101 J\u0113kabpil\u012b sagaid\u012bts pirmais sniegs, un nakts s\u0101kum\u0101 pils\u0113t\u0101 jau veidoj\u0101s aptuveni vienu centimetru bieza sniega k\u0101rta. Ar\u012b 17. novembra r\u012bts uzausa balts. Sinopti\u0137u prognozes liecina, ka \u0161oned\u0113\u013c gaid\u0101ms nokri\u0161\u0146iem bag\u0101ts laiks \u2013 bie\u017ei gaid\u0101ms slapj\u0161 sniegs vai lietus, bet valsts austrumos \u2013 ar\u012b sniegs ar nelielu sniega segas veido\u0161anos. Nakt\u012bs temperat\u016bra sv\u0101rst\u012bsies ap nulles atz\u012bmi, viet\u0101m veidojot apledojumu uz ce\u013ciem, savuk\u0101rt dien\u0101s gaiss b\u016bs nedaudz silt\u0101ks, \u012bpa\u0161i piekrast\u0113.<\/p>\n<p>Latvijas Republikas proklam\u0113\u0161anas dien\u0101 saglab\u0101sies m\u0101ko\u0146ains laiks, ta\u010du jau bie\u017e\u0101k starp m\u0101ko\u0146iem izsprauksies k\u0101ds saules stars. Latvijas liel\u0101kaj\u0101 da\u013c\u0101 palaikam tiks nov\u0113roti nokri\u0161\u0146i \u2013 galvenok\u0101rt slapj\u0161 sniegs un lietus. Atsevi\u0161\u0137os ce\u013cu posmos saglab\u0101sies slideni brauk\u0161anas apst\u0101k\u013ci. Sv\u0113tku dien\u0101 p\u016bt\u012bs m\u0113rens l\u012bdz m\u0113reni stiprs rietumu, dienvidrietumu v\u0113j\u0161, kas piekrastes rajonos br\u0101zm\u0101s sasniegs 15-18 m\/s. Nakt\u012b termometra stabi\u0146\u0161 nosl\u012bd\u0113s l\u012bdz -1, +3 gr\u0101diem, bet dien\u0101 tas pak\u0101psies l\u012bdz +1, +6 gr\u0101diem.<\/p>\n<p>Ar\u012b ned\u0113\u013cas turpin\u0101jum\u0101 bie\u017ei gaid\u0101ms lietus un sniegs, valsts austrumos veidosies sniega sega.<\/p>\n","protected":false},"excerpt":{"rendered":"16. novembra vakar\u0101 J\u0113kabpil\u012b sagaid\u012bts pirmais sniegs, un nakts s\u0101kum\u0101 pils\u0113t\u0101 jau veidoj\u0101s aptuveni vienu centimetru bieza sniega&hellip;\n","protected":false},"author":2,"featured_media":51632,"comment_status":"","ping_status":"","sticky":false,"template":"","format":"standard","meta":{"footnotes":""},"categories":[5],"tags":[23,28,29,32,33,22,987,986,30,31,35,39,38,36,37,34,40,20,26,27,24,25,21],"class_list":{"0":"post-51631","1":"post","2":"type-post","3":"status-publish","4":"format-standard","5":"has-post-thumbnail","7":"category-aktualitates","8":"tag-aktualitates","9":"tag-breaking-news","10":"tag-breakingnews","11":"tag-featured-news","12":"tag-featurednews","13":"tag-headlines","14":"tag-jekabpils-zinas","15":"tag-jekabpilslaiks","16":"tag-latest-news","17":"tag-latestnews","18":"tag-latvia","19":"tag-latvian","20":"tag-latviesu","21":"tag-latviesu-valoda","22":"tag-latviesuvaloda","23":"tag-latvija","24":"tag-lv","25":"tag-news","26":"tag-popularakas-zinas","27":"tag-popularakaszinas","28":"tag-top-stories","29":"tag-topstories","30":"tag-zinas"},"share_on_mastodon":{"url":"https:\/\/pubeurope.com\/@lv\/115564381671473615","error":""},"_links":{"self":[{"href":"https:\/\/www.europesays.com\/lv\/wp-json\/wp\/v2\/posts\/51631","targetHints":{"allow":["GET"]}}],"collection":[{"href":"https:\/\/www.europesays.com\/lv\/wp-json\/wp\/v2\/posts"}],"about":[{"href":"https:\/\/www.europesays.com\/lv\/wp-json\/wp\/v2\/types\/post"}],"author":[{"embeddable":true,"href":"https:\/\/www.europesays.com\/lv\/wp-json\/wp\/v2\/users\/2"}],"replies":[{"embeddable":true,"href":"https:\/\/www.europesays.com\/lv\/wp-json\/wp\/v2\/comments?post=51631"}],"version-history":[{"count":0,"href":"https:\/\/www.europesays.com\/lv\/wp-json\/wp\/v2\/posts\/51631\/revisions"}],"wp:featuredmedia":[{"embeddable":true,"href":"https:\/\/www.europesays.com\/lv\/wp-json\/wp\/v2\/media\/51632"}],"wp:attachment":[{"href":"https:\/\/www.europesays.com\/lv\/wp-json\/wp\/v2\/media?parent=51631"}],"wp:term":[{"taxonomy":"category","embeddable":true,"href":"https:\/\/www.europesays.com\/lv\/wp-json\/wp\/v2\/categories?post=51631"},{"taxonomy":"post_tag","embeddable":true,"href":"https:\/\/www.europesays.com\/lv\/wp-json\/wp\/v2\/tags?post=51631"}],"curies":[{"name":"wp","href":"https:\/\/api.w.org\/{rel}","templated":true}]}}