{"id":51709,"date":"2025-11-17T11:04:09","date_gmt":"2025-11-17T11:04:09","guid":{"rendered":"https:\/\/www.europesays.com\/lv\/51709\/"},"modified":"2025-11-17T11:04:09","modified_gmt":"2025-11-17T11:04:09","slug":"stasts-par-ambicijam-un-paaudzu-mainu-lente-lv","status":"publish","type":"post","link":"https:\/\/www.europesays.com\/lv\/51709\/","title":{"rendered":"st\u0101sts par amb\u012bcij\u0101m un paaud\u017eu mai\u0146u\u00a0\u2014\u00a0Lente.lv"},"content":{"rendered":"<p>\u201cViss par Ievu\u201d \u2013 spo\u017ea pirmizr\u0101de Nacion\u0101laj\u0101 te\u0101tr\u012b<\/p>\n<p>Latvijas Nacion\u0101laj\u0101 te\u0101tr\u012b ar lielu skat\u012bt\u0101ju un kriti\u0137u interesi ir sagaid\u012bta re\u017eisores In\u0101ras Sluckas jaun\u0101k\u0101 izr\u0101de \u201cViss par Ievu\u201d. \u0160is iestud\u0113jums, kas tapis p\u0113c amerik\u0101\u0146u aktrises un rakstnieces M\u0113rijas Orras lugas mot\u012bviem, ir pirm\u0101 reize, kad \u0161is darbs tiek iestud\u0113ts Latvij\u0101, lai gan pasaul\u0113 tas ir zin\u0101ms ar\u012b k\u0101 liter\u0101rais pamats slavenajai D\u017eozefa Mankevi\u010da Holivudas filmai. Pirmizr\u0101de notika 2025. gada 15. novembr\u012b, un t\u0101 ir atz\u012bta par spo\u017eu notikumu te\u0101tra dz\u012bv\u0113.<\/p>\n<p>St\u0101sts par amb\u012bcij\u0101m, karjeru un paaud\u017eu mai\u0146u<\/p>\n<p>Izr\u0101des centr\u0101 ir le\u0123end\u0101r\u0101 aktrise Margo Kreina, kura joproj\u0101m ir publikas iem\u012b\u013cota un atz\u012bta zvaigzne. Ta\u010du vi\u0146as spo\u017eo karjeru s\u0101k apdraud\u0113t jaun\u0101, talant\u012bg\u0101 un \u0161\u0137ietami nevain\u012bg\u0101 \u012ava Heringtone. S\u0101kotn\u0113ji \u012ava tiek pie\u0146emta k\u0101 Margo pal\u012bdze un talanta piel\u016bdz\u0113ja, ta\u010du dr\u012bzum\u0101 atkl\u0101jas vi\u0146as paties\u0101s amb\u012bcijas un vilt\u012bg\u0101 daba. \u0160is kontrasts starp pieredzi un jaun\u012bbu, starp v\u0113lmi notur\u0113ties virsotn\u0113 un strauju k\u0101pumu karjeras k\u0101pn\u0113s, ir viens no galvenajiem izr\u0101des dzin\u0113jsp\u0113kiem.<\/p>\n<p>Re\u017eisore In\u0101ra Slucka uzsver, ka izr\u0101de ir ne tikai par te\u0101tra pasaules aizkulis\u0113m, intrig\u0101m un c\u012b\u0146u par statusu, bet kalpo ar\u012b k\u0101 metafora m\u016bsdienu sabiedr\u012bbai kopum\u0101. T\u0101 dzi\u013ci p\u0113ta t\u0113mas, kas skar gandr\u012bz ikvienu \u2013 dz\u012bves un karjeras l\u012bdzsvaro\u0161anu, jaun\u012bbas kulta ietekmi, nenov\u0113r\u0161amo noveco\u0161anas procesu un nepiecie\u0161am\u012bbu piel\u0101goties nep\u0101rtraukti main\u012bgajai pasaulei. \u201cKo tikai m\u0113s visu nedar\u0101m, lai paildzin\u0101tu jaun\u012bbu\u2026\u201d \u2013 \u0161\u012b re\u017eisores doma uzsver izr\u0101des aktu\u0101lumu laikmet\u0101, kur\u0101 jaun\u012bbai tiek pied\u0113v\u0113ta p\u0101rm\u0113r\u012bga noz\u012bme.<\/p>\n<p>\u201cViss par Ievu\u201d pied\u0101v\u0101 aizraujo\u0161u ieskatu Brodvejas te\u0101tra pasaules dr\u0101m\u0101, kur\u0101 intrigas un amb\u012bcijas bie\u017ei vien non\u0101k priek\u0161pl\u0101n\u0101. Te\u0101tra pasaule \u0161eit ir k\u0101 spogulis, kas atspogu\u013co pla\u0161\u0101kus sabiedr\u012bbas procesus, apliecinot, ka paaud\u017eu nomai\u0146a un c\u012b\u0146a par vietu zem saules nav ierobe\u017eota tikai ar m\u0101kslas pasauli.<\/p>\n<p>Rado\u0161\u0101 komanda un aktieru sniegums<\/p>\n<p>Iestud\u0113juma vizu\u0101lo un emocion\u0101lo baud\u012bjumu nodro\u0161ina talant\u012bga rado\u0161\u0101 komanda. Re\u017eisores In\u0101ras Sluckas ieceri \u012bstenoju\u0161i scenogr\u0101fe Marija Ulmane, kost\u012bmu m\u0101ksliniece Madara Botmane, komponists Edgars M\u0101kens un gaismu m\u0101kslinieks Oskars Pauli\u0146\u0161. Katrs sav\u0101 jom\u0101 ir rad\u012bjis unik\u0101lu vidi, kas bag\u0101tina st\u0101stu un pal\u012bdz dzi\u013c\u0101k izjust varo\u0146u iek\u0161\u0113jo pasauli.<\/p>\n<p>Lom\u0101s iej\u016btas izcili aktieri: Maija Doveika un Evija Kr\u016bze atveido Margo Krainas lomu, savuk\u0101rt \u012avas Heringtones t\u0113lu veido Madara Reijere vai Agate Marija Buk\u0161a. Vi\u0146u sniegums ir nov\u0113rt\u0113ts k\u0101 spilgts un p\u0101rliecino\u0161s, sp\u0113jot atkl\u0101t varo\u0146u sare\u017e\u0123\u012bt\u0101s j\u016btas un mot\u012bvus. Cit\u0101s lom\u0101s redzami Daiga Gaismi\u0146a, Daiga Ka\u017eoci\u0146a, Normunds Laiz\u0101ns, Egons Dombrovskis, M\u0101rti\u0146\u0161 Br\u016bveris, Kaspars Ani\u0146\u0161, Inta Tirole, Elza R\u016bze Jord\u0101ne un Rom\u0101ns Bargais, katrs papildinot izr\u0101di ar savu unik\u0101lo ener\u0123iju un interpret\u0101ciju.<\/p>\n<p>Aktualit\u0101te un skat\u012bt\u0101ju nov\u0113rt\u0113jums<\/p>\n<p>Izr\u0101de \u201cViss par Ievu\u201d ir aktu\u0101la un saisto\u0161a, jo t\u0101 run\u0101 par univers\u0101l\u0101m t\u0113m\u0101m, kas skar ikvienu \u2013 tieksmi p\u0113c pan\u0101kumiem, bailes no vecuma, nepiecie\u0161am\u012bbu main\u012bties un piel\u0101goties. T\u0101 liek aizdom\u0101ties par to, k\u0101 sabiedr\u012bba uztver un izturas pret cilv\u0113kiem, kuri vairs nav jaun\u0101kie, \u012bpa\u0161i darba tirg\u016b. Slucka nor\u0101da, ka \u0161\u012b probl\u0113ma nav rakstur\u012bga tikai te\u0101trim, bet skar visas profesijas.<\/p>\n<p>Pirmizr\u0101de tika sagaid\u012bta ar ov\u0101cij\u0101m, un pirm\u0101s atsauksmes liecina par skat\u012bt\u0101ju un kriti\u0137u saj\u016bsmu par dzi\u013co saturu, izcilajiem aktierdarbiem un spilgtaj\u0101m vizu\u0101laj\u0101m izpausm\u0113m. Izr\u0101de \u201cViss par Ievu\u201d ir apliecin\u0101jums tam, ka te\u0101tris sp\u0113j ne tikai izklaid\u0113t, bet ar\u012b rosin\u0101t domas un sniegt v\u0113rt\u012bgas atzi\u0146as par dz\u012bvi, sabiedr\u012bbu un cilv\u0113cisko attiec\u012bbu sare\u017e\u0123\u012bt\u012bbu. T\u0101 ir k\u0101 ce\u013cvedis, kas pal\u012bdz saprast laika rit\u0113jumu un nepiecie\u0161am\u012bbu main\u012bties, lai turpin\u0101tu dz\u012bvot pilnv\u0113rt\u012bgu dz\u012bvi.<\/p>\n","protected":false},"excerpt":{"rendered":"\u201cViss par Ievu\u201d \u2013 spo\u017ea pirmizr\u0101de Nacion\u0101laj\u0101 te\u0101tr\u012b Latvijas Nacion\u0101laj\u0101 te\u0101tr\u012b ar lielu skat\u012bt\u0101ju un kriti\u0137u interesi ir&hellip;\n","protected":false},"author":2,"featured_media":51710,"comment_status":"","ping_status":"","sticky":false,"template":"","format":"standard","meta":{"footnotes":""},"categories":[5],"tags":[23,28,29,32,33,22,4311,30,31,35,39,38,36,37,34,40,10888,537,20,26,27,614,24,25,10887,21],"class_list":{"0":"post-51709","1":"post","2":"type-post","3":"status-publish","4":"format-standard","5":"has-post-thumbnail","7":"category-aktualitates","8":"tag-aktualitates","9":"tag-breaking-news","10":"tag-breakingnews","11":"tag-featured-news","12":"tag-featurednews","13":"tag-headlines","14":"tag-inara-slucka","15":"tag-latest-news","16":"tag-latestnews","17":"tag-latvia","18":"tag-latvian","19":"tag-latviesu","20":"tag-latviesu-valoda","21":"tag-latviesuvaloda","22":"tag-latvija","23":"tag-lv","24":"tag-merija-orra","25":"tag-nacionalais-teatris","26":"tag-news","27":"tag-popularakas-zinas","28":"tag-popularakaszinas","29":"tag-teatra-pirmizrade","30":"tag-top-stories","31":"tag-topstories","32":"tag-viss-par-ievu","33":"tag-zinas"},"share_on_mastodon":{"url":"https:\/\/pubeurope.com\/@lv\/115564712198453772","error":""},"_links":{"self":[{"href":"https:\/\/www.europesays.com\/lv\/wp-json\/wp\/v2\/posts\/51709","targetHints":{"allow":["GET"]}}],"collection":[{"href":"https:\/\/www.europesays.com\/lv\/wp-json\/wp\/v2\/posts"}],"about":[{"href":"https:\/\/www.europesays.com\/lv\/wp-json\/wp\/v2\/types\/post"}],"author":[{"embeddable":true,"href":"https:\/\/www.europesays.com\/lv\/wp-json\/wp\/v2\/users\/2"}],"replies":[{"embeddable":true,"href":"https:\/\/www.europesays.com\/lv\/wp-json\/wp\/v2\/comments?post=51709"}],"version-history":[{"count":0,"href":"https:\/\/www.europesays.com\/lv\/wp-json\/wp\/v2\/posts\/51709\/revisions"}],"wp:featuredmedia":[{"embeddable":true,"href":"https:\/\/www.europesays.com\/lv\/wp-json\/wp\/v2\/media\/51710"}],"wp:attachment":[{"href":"https:\/\/www.europesays.com\/lv\/wp-json\/wp\/v2\/media?parent=51709"}],"wp:term":[{"taxonomy":"category","embeddable":true,"href":"https:\/\/www.europesays.com\/lv\/wp-json\/wp\/v2\/categories?post=51709"},{"taxonomy":"post_tag","embeddable":true,"href":"https:\/\/www.europesays.com\/lv\/wp-json\/wp\/v2\/tags?post=51709"}],"curies":[{"name":"wp","href":"https:\/\/api.w.org\/{rel}","templated":true}]}}