{"id":51718,"date":"2025-11-17T11:10:09","date_gmt":"2025-11-17T11:10:09","guid":{"rendered":"https:\/\/www.europesays.com\/lv\/51718\/"},"modified":"2025-11-17T11:10:09","modified_gmt":"2025-11-17T11:10:09","slug":"krievija-izmanto-baltija-dzivojosos-propagandas-izplatisanai-verve-pat-par-15-eiro","status":"publish","type":"post","link":"https:\/\/www.europesays.com\/lv\/51718\/","title":{"rendered":"Krievija izmanto Baltij\u0101 dz\u012bvojo\u0161os propagandas izplat\u012b\u0161anai \u2013 verv\u0113 pat par 15 eiro"},"content":{"rendered":"<p>Krievijas \u012bstenot\u0101s dezinform\u0101cijas un ietekmes oper\u0101cijas Baltijas valst\u012bs k\u013c\u016bst arvien akt\u012bv\u0101kas un m\u0113r\u0137tiec\u012bg\u0101kas, zi\u0146o LTV raid\u012bjums &#8220;De facto&#8221;. Specdienesti ne vien pa\u0161i ra\u017eo propagandas narat\u012bvus, bet ar\u012b cen\u0161as to izplat\u012b\u0161an\u0101 iesaist\u012bt Baltijas valstu iedz\u012bvot\u0101jus, \u012bpa\u0161i jaunie\u0161us. Verv\u0113\u0161ana notiek galvenok\u0101rt &#8220;Telegram&#8221; kan\u0101los, kur pret neliel\u0101m naudas summ\u0101m tiek piesaist\u012bti cilv\u0113ki, kuri gatavi pild\u012bt uzdevumus \u2013 bie\u017ei vien neapzinoties, ka k\u013c\u016bst par Krievijas ietekmes meh\u0101nisma da\u013cu.<\/p>\n<p>Igaunij\u0101 novembra s\u0101kum\u0101 apcietin\u0101ts videooperators un blogeris O\u013cegs Besedins, kur\u0161 soci\u0101lajos t\u012bklos veidojis saturu, kas prec\u012bzi saskan ar Krem\u013ca propagandas v\u0113st\u012bjumiem. Igaunijas prokurat\u016bra uzsver, ka vi\u0146\u0161 nav darbojies tikai k\u0101 &#8220;viedok\u013ca paud\u0113js&#8221;, bet sadarbojies ar Krievij\u0101 dz\u012bvojo\u0161\u0101m person\u0101m, kuras specializ\u0113jas informat\u012bvaj\u0101s ietekmes kampa\u0146\u0101s. <\/p>\n<blockquote><p>Besedina auditorija platform\u0101s &#8220;Youtube&#8221; un &#8220;Facebook&#8221; sasniegusi aptuveni 250 t\u016bksto\u0161us lietot\u0101ju, un eksperti vi\u0146a aiztur\u0113\u0161anu uzskata par b\u016btisku triecienu Krem\u013ca inform\u0101cijas t\u012bklam Baltij\u0101.<\/p><\/blockquote>\n<p>Krem\u013ca propagandas telp\u0101 vienlaikus akt\u012bvs ir ar\u012b no Latvijas aizb\u0113gu\u0161ais biju\u0161ais R\u012bgas domes deput\u0101ts Ruslans Pankratovs, kur\u0161 Maskav\u0101 vada Baltijas noda\u013cu NVS valstu instit\u016bt\u0101. Tie\u0161i \u0161\u012b strukt\u016bra regul\u0101ri produc\u0113 s\u0113rijveida aps\u016bdz\u012bbas par &#8220;krievu valodas apspie\u0161anu&#8221; Latvij\u0101, pie \u0161\u012b narat\u012bva pieskaitot ar\u012b valsts valodas p\u0101rbaudes, kas j\u0101nok\u0101rto Krievijas pilso\u0146iem.<\/p>\n<blockquote><p>Latvijas dro\u0161\u012bbas dienesti nor\u0101da, ka Krievija (galvenok\u0101rt caur t\u0101 saukto Pravfondu) joproj\u0101m akt\u012bvi finans\u0113 ietekmes aktivit\u0101tes Baltij\u0101, tostarp sedzot prokrievisko akt\u012bvistu tiesved\u012bbu izmaksas.<\/p><\/blockquote>\n<p> Vienlaikus tiek izmantoti ar\u012b alternat\u012bvi finans\u0113\u0161anas ce\u013ci \u2013 skaidra nauda, kriptoval\u016btas vai jaunas organiz\u0101cijas, kuras nav pak\u013cautas sankcij\u0101m un \u0161\u0137ietami nav saist\u012btas ar Krievijas vald\u012bbu.<\/p>\n<p>Verv\u0113\u0161ana Latvij\u0101 notiek p\u0113c l\u012bdz\u012bga mode\u013ca k\u0101 cit\u0101s Baltijas valst\u012bs. \u0122ener\u0101lprokurat\u016bras prokurors M\u0101rti\u0146\u0161 Jansons nor\u0101da, ka fiks\u0113ti gad\u012bjumi, kad caur starpnieku \u0137\u0113d\u0113m tiek nodoti uzdevumi izdruk\u0101t un izl\u012bm\u0113t Latviju un dro\u0161\u012bbas iest\u0101des nomelnojo\u0161us plak\u0101tus.<\/p>\n<p>P\u0113d\u0113j\u0101 laik\u0101 par\u0101d\u012bju\u0161ies ar\u012b uzdevumi izplat\u012bt viltus zi\u0146as ukrai\u0146u valod\u0101, lai rad\u012btu iespaidu, ka Latvij\u0101 dz\u012bvojo\u0161ie ukrai\u0146i v\u0113r\u0161as pret krievvalod\u012bgo kopienu.<\/p>\n<blockquote><p>Par \u0161\u0101diem &#8220;darbiem&#8221; parasti tiek maks\u0101ti 15 l\u012bdz 100 eiro, ret\u0101k \u2013 l\u012bdz 500 eiro, ta\u010du tie\u0161i \u0161\u012bs summas piesaista personas ar zemiem ien\u0101kumiem un jaunie\u0161us, kurus vair\u0101k motiv\u0113 nauda, nevis ideolo\u0123ija.<\/p><\/blockquote>\n<p>Ja tiek sav\u0101kti p\u0101rliecino\u0161i pier\u0101d\u012bjumi par sadarb\u012bbu ar Krievijas strukt\u016br\u0101m, tiek s\u0101kts krimin\u0101lprocess par pal\u012bdz\u012bbu \u0101rvalstij darb\u012bb\u0101s pret Latviju. Kop\u0161 2022. gada \u0161\u0101das aps\u016bdz\u012bbas par\u0101d\u0101s 14 uzs\u0101ktos procesos, no kuriem vairums v\u0113l ir izmekl\u0113\u0161anas stadij\u0101, bet vair\u0101k\u0101s liet\u0101s jau pie\u0146emti l\u0113mumi vai piem\u0113roti sodi.<\/p>\n<p>Lasi ar\u012b!<\/p>\n<p>&#13;<br \/>\n&#13;<br \/>\n<a target=\"_blank\" href=\"https:\/\/www.1188.lv\/zinas\/man-ir-loti-slikta-zina-banditam-mamikinam-vai-propagandistam-draud-iesaukums-okupantu-armija\/57604\" rel=\"nofollow noopener\">&#8220;Man ir \u013coti slikta zi\u0146a band\u012btam Mamikinam&#8230;&#8221; Vai propagandistam draud iesaukums okupantu armij\u0101?<\/a>&#13;<br \/>\n&#13;<br \/>\n<\/p>\n<p>&#13;<br \/>\n&#13;<br \/>\n<a target=\"_blank\" href=\"https:\/\/www.1188.lv\/zinas\/asaras-saeimas-tribine-draudi-par-tuvinasanos-krievijai-un-viltus-patriotisms-politiki-aizvada-emocionalas-diskusijas\/56881\" rel=\"nofollow noopener\">Asaras Saeimas trib\u012bn\u0113, draudi par tuvin\u0101\u0161anos Krievijai un &#8220;viltus patriotisms&#8221; &#8211; politi\u0137i aizvada emocion\u0101las diskusijas<\/a>&#13;<br \/>\n&#13;<br \/><\/p>\n","protected":false},"excerpt":{"rendered":"Krievijas \u012bstenot\u0101s dezinform\u0101cijas un ietekmes oper\u0101cijas Baltijas valst\u012bs k\u013c\u016bst arvien akt\u012bv\u0101kas un m\u0113r\u0137tiec\u012bg\u0101kas, zi\u0146o LTV raid\u012bjums &#8220;De facto&#8221;.&hellip;\n","protected":false},"author":2,"featured_media":51719,"comment_status":"","ping_status":"","sticky":false,"template":"","format":"standard","meta":{"footnotes":""},"categories":[5],"tags":[129,473,14162,6409,23,28,29,32,33,22,30,31,35,39,38,36,37,34,40,20,26,27,6410,474,14163,6411,475,14164,24,25,21],"class_list":{"0":"post-51718","1":"post","2":"type-post","3":"status-publish","4":"format-standard","5":"has-post-thumbnail","7":"category-aktualitates","8":"tag-__typenameadvicekeyword","9":"tag-id549","10":"tag-id587","11":"tag-id685","12":"tag-aktualitates","13":"tag-breaking-news","14":"tag-breakingnews","15":"tag-featured-news","16":"tag-featurednews","17":"tag-headlines","18":"tag-latest-news","19":"tag-latestnews","20":"tag-latvia","21":"tag-latvian","22":"tag-latviesu","23":"tag-latviesu-valoda","24":"tag-latviesuvaloda","25":"tag-latvija","26":"tag-lv","27":"tag-news","28":"tag-popularakas-zinas","29":"tag-popularakaszinas","30":"tag-slugbaltijas-valstis","31":"tag-slugkrievijas-iebrukums-ukraina","32":"tag-slugpropaganda","33":"tag-titlebaltijas-valstis","34":"tag-titlekrievijas-iebrukums-ukraina","35":"tag-titlepropaganda","36":"tag-top-stories","37":"tag-topstories","38":"tag-zinas"},"share_on_mastodon":{"url":"","error":"Validation failed: Text character limit of 500 exceeded"},"_links":{"self":[{"href":"https:\/\/www.europesays.com\/lv\/wp-json\/wp\/v2\/posts\/51718","targetHints":{"allow":["GET"]}}],"collection":[{"href":"https:\/\/www.europesays.com\/lv\/wp-json\/wp\/v2\/posts"}],"about":[{"href":"https:\/\/www.europesays.com\/lv\/wp-json\/wp\/v2\/types\/post"}],"author":[{"embeddable":true,"href":"https:\/\/www.europesays.com\/lv\/wp-json\/wp\/v2\/users\/2"}],"replies":[{"embeddable":true,"href":"https:\/\/www.europesays.com\/lv\/wp-json\/wp\/v2\/comments?post=51718"}],"version-history":[{"count":0,"href":"https:\/\/www.europesays.com\/lv\/wp-json\/wp\/v2\/posts\/51718\/revisions"}],"wp:featuredmedia":[{"embeddable":true,"href":"https:\/\/www.europesays.com\/lv\/wp-json\/wp\/v2\/media\/51719"}],"wp:attachment":[{"href":"https:\/\/www.europesays.com\/lv\/wp-json\/wp\/v2\/media?parent=51718"}],"wp:term":[{"taxonomy":"category","embeddable":true,"href":"https:\/\/www.europesays.com\/lv\/wp-json\/wp\/v2\/categories?post=51718"},{"taxonomy":"post_tag","embeddable":true,"href":"https:\/\/www.europesays.com\/lv\/wp-json\/wp\/v2\/tags?post=51718"}],"curies":[{"name":"wp","href":"https:\/\/api.w.org\/{rel}","templated":true}]}}