{"id":51722,"date":"2025-11-17T11:13:09","date_gmt":"2025-11-17T11:13:09","guid":{"rendered":"https:\/\/www.europesays.com\/lv\/51722\/"},"modified":"2025-11-17T11:13:09","modified_gmt":"2025-11-17T11:13:09","slug":"ka-mi-palidzeja-atrast-pirms-diviem-gadiem-zagtu-lamborghini-lente-lv","status":"publish","type":"post","link":"https:\/\/www.europesays.com\/lv\/51722\/","title":{"rendered":"K\u0101 MI pal\u012bdz\u0113ja atrast pirms diviem gadiem zagtu Lamborghini\u00a0\u2014\u00a0Lente.lv"},"content":{"rendered":"<p>Neiedom\u0101jama atgrie\u0161an\u0101s: K\u0101 m\u0101ksl\u012bgais intelekts pal\u012bdz\u0113ja atrast divus gadus zagtu Lamborghini<\/p>\n<p>Kam\u0113r policija vis\u0101 pasaul\u0113 c\u012bn\u0101s ar auto z\u0101dz\u012bbu vi\u013c\u0146iem, viens amerik\u0101nis devies neparast\u0101 ce\u013c\u0101, izmantojot m\u0101ksl\u012bgo intelektu, lai atg\u016btu savu pirms diviem gadiem nolaup\u012bto Lamborghini. Endrj\u016b Garsija no Kalifornijas \u0161\u0137ita, ka ir uz visiem laikiem atvad\u012bjies no sava Lamborghini Huracan EVO, kad tas kop\u0101 ar v\u0113l diviem desmitiem supersportistu tika nozagts da\u017eu miljonu v\u0113rtas noziedz\u012bgas sh\u0113mas ietvaros. Noziedznieki automa\u0161\u012bnas it k\u0101 \u012br\u0113ja, ta\u010du neatdeva, t\u0101s p\u0101rre\u0123istr\u0113jot uz saviem v\u0101rdiem ar viltotiem dokumentiem un t\u0101l\u0101k p\u0101rdodot.<\/p>\n<p>Emocion\u0101la s\u0101pe un cer\u012bbas dzirksts<\/p>\n<p>\u201eEs raud\u0101ju, tas sag\u0101d\u0101ja s\u0101pes daudziem cilv\u0113kiem,\u201d atceras Garsija, kam sava m\u012b\u013cot\u0101 un iespaid\u012bg\u0101 v\u0113rt\u012bb\u0101 eso\u0161\u0101 sp\u0113krata zaud\u0113jums bija \u012bsts trieciens. Lai gan da\u017ei cietu\u0161ie savus auto galu gal\u0101 atguva, Endrj\u016b neveic\u0101s. L\u012bdz br\u012bdim, kad vi\u0146a Instagram kont\u0101 par\u0101d\u012bj\u0101s zi\u0146a: \u201eVai j\u016bs p\u0101rdev\u0101t \u0161o automa\u0161\u012bnu?\u201d kop\u0101 ar jauniem sava Lamborghini att\u0113liem. Izr\u0101d\u012bj\u0101s, ka zi\u0146as nos\u016bt\u012bt\u0101js bija atradis Endrj\u016b viz\u012btkarti un dom\u0101jis, ka vi\u0146\u0161 var\u0113tu pal\u012bdz\u0113t ar citu supersportistu ieg\u0101di.<\/p>\n<p>M\u0101ksl\u012bg\u0101 intelekta dro\u0161sird\u012bgais p\u0113t\u012bjums<\/p>\n<p>T\u0101 viet\u0101, lai nekav\u0113joties nodotu lietu policijai, Garsija nol\u0113ma uzs\u0101kt savu izmekl\u0113\u0161anu un izmantoja \u0161obr\u012bd popul\u0101ro r\u012bku \u2013 m\u0101ksl\u012bgo intelektu. V\u012brietis aug\u0161upiel\u0101d\u0113ja att\u0113lus sarun\u0101 ar ChatGPT, l\u016bdzot: \u201eNeuzmanieties uz Lamborghini, bet piev\u0113rsiet uzman\u012bbu izpl\u016bdu\u0161ajai automa\u0161\u012bnai fon\u0101.\u201d T\u0101l\u0101k, apvienojot MI sp\u0113jas ar Google r\u012bkiem, kas analiz\u0113 \u0123eogr\u0101fisk\u0101s koordin\u0101tas (garumu un platumu), Garsija noteica, ka vi\u0146a auto atrodas Denver\u0101, Kolor\u0101do \u0161tat\u0101. K\u0101 liecina p\u0113d\u0113jie datu anal\u012bzes rezult\u0101ti, tas ir l\u012bdz\u012bgs process, k\u0101du izmanto, lai noteiktu prec\u012bzu atra\u0161an\u0101s vietu att\u0113l\u0101, pat ja t\u0101 nav galven\u0101 fokus\u0101.<\/p>\n<p>Atg\u016b\u0161ana un turpm\u0101k\u0101 izmekl\u0113\u0161ana<\/p>\n<p>V\u012brietis sazin\u0101j\u0101s ar viet\u0113jiem ties\u012bbsargiem, kuri ierad\u0101s nor\u0101d\u012btaj\u0101 viet\u0101 un apstiprin\u0101ja, ka t\u0101 ir vi\u0146a pirms diviem gadiem pazudus\u012b Lamborghini Huracan EVO. \u201e\u0160\u0101da proakt\u012bva inform\u0101cijas v\u0101k\u0161ana \u013coti pal\u012bdz atg\u016bt nozagt\u0101s automa\u0161\u012bnas,\u201d atzina Kolor\u0101do \u0161tata Automa\u0161\u012bnu nolaup\u012b\u0161anas nov\u0113r\u0161anas p\u0101rvaldes p\u0101rst\u0101vis Keils Guld. Pa\u0161laik policija izmekl\u0113, vai Kolor\u0101do \u0161tat\u0101 eso\u0161ais \u012bpa\u0161nieks ir saist\u012bts ar automa\u0161\u012bnas z\u0101dz\u012bbu. Viens no Kalifornij\u0101 aiztur\u0113tajiem sh\u0113mas dal\u012bbniekiem jau ir atzinis savu vainu un gaida spriedumu, bet tiesa par citu dal\u012bbnieku paredz\u0113ta oktobr\u012b.<\/p>\n","protected":false},"excerpt":{"rendered":"Neiedom\u0101jama atgrie\u0161an\u0101s: K\u0101 m\u0101ksl\u012bgais intelekts pal\u012bdz\u0113ja atrast divus gadus zagtu Lamborghini Kam\u0113r policija vis\u0101 pasaul\u0113 c\u012bn\u0101s ar auto&hellip;\n","protected":false},"author":2,"featured_media":51723,"comment_status":"","ping_status":"","sticky":false,"template":"","format":"standard","meta":{"footnotes":""},"categories":[16],"tags":[14099,77,76,4729,13522,35,39,38,36,37,34,40,87,295],"class_list":{"0":"post-51722","1":"post","2":"type-post","3":"status-publish","4":"format-standard","5":"has-post-thumbnail","7":"category-bizness","8":"tag-auto-zadziba","9":"tag-bizness","10":"tag-business","11":"tag-chatgpt","12":"tag-lamborghini","13":"tag-latvia","14":"tag-latvian","15":"tag-latviesu","16":"tag-latviesu-valoda","17":"tag-latviesuvaloda","18":"tag-latvija","19":"tag-lv","20":"tag-maksligais-intelekts","21":"tag-noziegums"},"share_on_mastodon":{"url":"https:\/\/pubeurope.com\/@lv\/115564747572988564","error":""},"_links":{"self":[{"href":"https:\/\/www.europesays.com\/lv\/wp-json\/wp\/v2\/posts\/51722","targetHints":{"allow":["GET"]}}],"collection":[{"href":"https:\/\/www.europesays.com\/lv\/wp-json\/wp\/v2\/posts"}],"about":[{"href":"https:\/\/www.europesays.com\/lv\/wp-json\/wp\/v2\/types\/post"}],"author":[{"embeddable":true,"href":"https:\/\/www.europesays.com\/lv\/wp-json\/wp\/v2\/users\/2"}],"replies":[{"embeddable":true,"href":"https:\/\/www.europesays.com\/lv\/wp-json\/wp\/v2\/comments?post=51722"}],"version-history":[{"count":0,"href":"https:\/\/www.europesays.com\/lv\/wp-json\/wp\/v2\/posts\/51722\/revisions"}],"wp:featuredmedia":[{"embeddable":true,"href":"https:\/\/www.europesays.com\/lv\/wp-json\/wp\/v2\/media\/51723"}],"wp:attachment":[{"href":"https:\/\/www.europesays.com\/lv\/wp-json\/wp\/v2\/media?parent=51722"}],"wp:term":[{"taxonomy":"category","embeddable":true,"href":"https:\/\/www.europesays.com\/lv\/wp-json\/wp\/v2\/categories?post=51722"},{"taxonomy":"post_tag","embeddable":true,"href":"https:\/\/www.europesays.com\/lv\/wp-json\/wp\/v2\/tags?post=51722"}],"curies":[{"name":"wp","href":"https:\/\/api.w.org\/{rel}","templated":true}]}}