{"id":51750,"date":"2025-11-17T11:56:16","date_gmt":"2025-11-17T11:56:16","guid":{"rendered":"https:\/\/www.europesays.com\/lv\/51750\/"},"modified":"2025-11-17T11:56:16","modified_gmt":"2025-11-17T11:56:16","slug":"netalu-no-varsavas-bojatas-dzelzcela-sliedes-kas-ved-uz-zesovu","status":"publish","type":"post","link":"https:\/\/www.europesays.com\/lv\/51750\/","title":{"rendered":"Net\u0101lu no Var\u0161avas boj\u0101tas dzelzce\u013ca sliedes, kas ved uz \u017de\u0161ovu"},"content":{"rendered":"<p><img decoding=\"async\" class=\"figure__image\" onclick=\"triggerEvent('articleImageClick', { id: 17281543, focus: 'single-image', focusIndex: '17281543' })\" onkeydown=\"if (event.key === 'Enter') {&#10;        triggerEvent('articleImageClick', { id: 17281543, focus: 'single-image', focusIndex: '17281543' })&#10;        }\" role=\"button\" tabindex=\"0\" data-focus-from=\"single-image\" data-focus-index=\"17281543\" src=\"https:\/\/www.europesays.com\/lv\/wp-content\/uploads\/2025\/11\/17281543t1hd9cc.jpg\" onload=\"this.parentElement.classList.remove('figure__image-loading')\" alt=\"\"\/> Foto: @Dyspozytura_T<\/p>\n<p>Viet\u0113jie mediji zi\u0146o par Iek\u0161\u0113j\u0101s dro\u0161\u012bbas a\u0123ent\u016bras (ABW) kl\u0101tb\u016btni, k\u0101 ar\u012b par to, ka notikuma viet\u0101 atrodas ugunsdz\u0113s\u0113ju vien\u012bba, kas specializ\u0113jas \u0137\u012bmisko vielu p\u0101rbaud\u0113s un, visticam\u0101k, p\u0101rbauda spr\u0101gstvielu kl\u0101tb\u016btni, nor\u0101da politikas zin\u0101t\u0146u doktorants un adjunkts J\u0101gellonu Universit\u0101t\u0113 Krakov\u0101 Tom\u0101\u0161s Pu\u010davevi\u010ds.<\/p>\n<p>Polijas medijs TVP.Info raksta, ka sestdienas vakar\u0101 Mazovijas vojevodistes policija patie\u0161\u0101m sa\u0146\u0113ma zi\u0146ojumu par spr\u0101dzienu net\u0101lu no vietas, kur n\u0101kamaj\u0101 dien\u0101 tika paman\u012bts boj\u0101ts slie\u017eu posms. Ta\u010du p\u0113c p\u0101rbaudes inform\u0101cija neapstiprin\u0101j\u0101s.<\/p>\n<p>Polijas premjerministrs <a href=\"https:\/\/www.tvnet.lv\/term\/556288\/donalds-tusks\" class=\"topicLink\" target=\"_blank\" rel=\"nofollow noopener\">Donalds Tusks<\/a> neizsl\u0113dza iesp\u0113ja, ka t\u0101 var\u0113tu b\u016bt sabot\u0101\u017ea.<\/p>\n<p>\u201cEsmu past\u0101v\u012bg\u0101 sazi\u0146\u0101 ar iek\u0161lietu ministru par ce\u013ca posma saboj\u0101\u0161anu uz Demb\u013cina \u2013 Var\u0161avas \u0161osejas. Iesp\u0113jams, runa ir par sabot\u0101\u017eu. Cietu\u0161o nav. Attiec\u012bg\u0101s iest\u0101des veic izmekl\u0113\u0161anu.\u201d<\/p>\n<p>Sv\u0113tdien Iek\u0161lietu un administr\u0101cijas ministrijas preses sekret\u0101re Karol\u012bna Gale\u010dka pazi\u0146oja, ka notikuma viet\u0101 str\u0101d\u0101 dienesti prokurora uzraudz\u012bb\u0101. K\u0101 vi\u0146a toreiz rakst\u012bja platform\u0101 X, \u201cpa\u0161laik nav pamata run\u0101t par tre\u0161o personu t\u012b\u0161u r\u012bc\u012bbu.\u201d<\/p>\n","protected":false},"excerpt":{"rendered":"Foto: @Dyspozytura_T Viet\u0113jie mediji zi\u0146o par Iek\u0161\u0113j\u0101s dro\u0161\u012bbas a\u0123ent\u016bras (ABW) kl\u0101tb\u016btni, k\u0101 ar\u012b par to, ka notikuma viet\u0101&hellip;\n","protected":false},"author":2,"featured_media":51751,"comment_status":"","ping_status":"","sticky":false,"template":"","format":"standard","meta":{"footnotes":""},"categories":[14],"tags":[23,57,3700,28,29,2283,32,33,22,1571,74,30,31,35,39,38,36,37,34,40,20,72,26,27,24,25,276,54,55,56,21,58],"class_list":{"0":"post-51750","1":"post","2":"type-post","3":"status-publish","4":"format-standard","5":"has-post-thumbnail","7":"category-zinas-no-arvalstim","8":"tag-aktualitates","9":"tag-arvalstim","10":"tag-autoritarisma-ena-par-eiropu","11":"tag-breaking-news","12":"tag-breakingnews","13":"tag-donalds-tusks","14":"tag-featured-news","15":"tag-featurednews","16":"tag-headlines","17":"tag-hibridkars","18":"tag-krievijas-iebrukums-ukraina","19":"tag-latest-news","20":"tag-latestnews","21":"tag-latvia","22":"tag-latvian","23":"tag-latviesu","24":"tag-latviesu-valoda","25":"tag-latviesuvaloda","26":"tag-latvija","27":"tag-lv","28":"tag-news","29":"tag-polija","30":"tag-popularakas-zinas","31":"tag-popularakaszinas","32":"tag-top-stories","33":"tag-topstories","34":"tag-ukraina","35":"tag-world","36":"tag-world-news","37":"tag-worldnews","38":"tag-zinas","39":"tag-zinas-no-arvalstim"},"share_on_mastodon":{"url":"https:\/\/pubeurope.com\/@lv\/115564916623209789","error":""},"_links":{"self":[{"href":"https:\/\/www.europesays.com\/lv\/wp-json\/wp\/v2\/posts\/51750","targetHints":{"allow":["GET"]}}],"collection":[{"href":"https:\/\/www.europesays.com\/lv\/wp-json\/wp\/v2\/posts"}],"about":[{"href":"https:\/\/www.europesays.com\/lv\/wp-json\/wp\/v2\/types\/post"}],"author":[{"embeddable":true,"href":"https:\/\/www.europesays.com\/lv\/wp-json\/wp\/v2\/users\/2"}],"replies":[{"embeddable":true,"href":"https:\/\/www.europesays.com\/lv\/wp-json\/wp\/v2\/comments?post=51750"}],"version-history":[{"count":0,"href":"https:\/\/www.europesays.com\/lv\/wp-json\/wp\/v2\/posts\/51750\/revisions"}],"wp:featuredmedia":[{"embeddable":true,"href":"https:\/\/www.europesays.com\/lv\/wp-json\/wp\/v2\/media\/51751"}],"wp:attachment":[{"href":"https:\/\/www.europesays.com\/lv\/wp-json\/wp\/v2\/media?parent=51750"}],"wp:term":[{"taxonomy":"category","embeddable":true,"href":"https:\/\/www.europesays.com\/lv\/wp-json\/wp\/v2\/categories?post=51750"},{"taxonomy":"post_tag","embeddable":true,"href":"https:\/\/www.europesays.com\/lv\/wp-json\/wp\/v2\/tags?post=51750"}],"curies":[{"name":"wp","href":"https:\/\/api.w.org\/{rel}","templated":true}]}}