{"id":51752,"date":"2025-11-17T11:57:08","date_gmt":"2025-11-17T11:57:08","guid":{"rendered":"https:\/\/www.europesays.com\/lv\/51752\/"},"modified":"2025-11-17T11:57:08","modified_gmt":"2025-11-17T11:57:08","slug":"valmiera-norisinasies-divu-dienu-seminars-par-pieklustamibas-principu-ieviesanu-kulturas-vide-lente-lv","status":"publish","type":"post","link":"https:\/\/www.europesays.com\/lv\/51752\/","title":{"rendered":"Valmier\u0101 norisin\u0101sies divu dienu semin\u0101rs par piek\u013c\u016bstam\u012bbas principu ievie\u0161anu kult\u016bras vid\u0113\u00a0\u2014\u00a0Lente.lv"},"content":{"rendered":"<p>Semin\u0101rs Valmier\u0101 rosina diskusijas par piek\u013c\u016bstam\u012bbu kult\u016bras vid\u0113<\/p>\n<p>Valmier\u0101, 25. un 26. novembr\u012b, norisin\u0101sies noz\u012bm\u012bgs divu dienu semin\u0101rs, kas velt\u012bts piek\u013c\u016bstam\u012bbas principu integr\u0113\u0161anai kult\u016bras vid\u0113. Pas\u0101kumu organiz\u0113 Kult\u016bras ministrija (KM), uzsverot nepiecie\u0161am\u012bbu nodro\u0161in\u0101t kult\u016bras pieejam\u012bbu ikvienam sabiedr\u012bbas loceklim. \u0160is pas\u0101kums ir da\u013ca no KM centieniem uzlabot gan fizisko, gan inform\u0101cijas, gan soci\u0101lo piek\u013c\u016bstam\u012bbu kult\u016bras iest\u0101d\u0113s un pas\u0101kumos vis\u0101 Latvij\u0101. Interesenti tiek aicin\u0101ti akt\u012bvi pieteikties, jo re\u0123istr\u0101cija ir atv\u0113rta l\u012bdz 21. novembrim.<\/p>\n<p>Ce\u013c\u0161 uz iek\u013caujo\u0161\u0101ku kult\u016bras pieredzi<\/p>\n<p>K\u0101 uzsver KM, cilv\u0113ki ar invalidit\u0101ti un da\u017e\u0101diem funkcion\u0113\u0161anas ierobe\u017eojumiem joproj\u0101m saskaras ar iev\u0113rojam\u0101m barjer\u0101m, kas apgr\u016btina pilnv\u0113rt\u012bgu l\u012bdzdal\u012bbu sabiedr\u012bbas dz\u012bv\u0113. Piek\u013c\u016bstam\u012bba nav tikai \u0113rt\u012bba cilv\u0113kiem ar \u012bpa\u0161\u0101m vajadz\u012bb\u0101m; t\u0101 ir b\u016btiska ar\u012b gados vec\u0101kiem cilv\u0113kiem, person\u0101m ar \u012bslaic\u012bgiem vesel\u012bbas trauc\u0113jumiem un vec\u0101kiem ar maziem b\u0113rniem. T\u0101d\u0113\u013c \u0161is semin\u0101rs kalpos k\u0101 platforma, kur\u0101 dal\u012bties ar pieredzi un zin\u0101\u0161an\u0101m par to, k\u0101 padar\u012bt kult\u016bras pieejam\u0101ku visiem. Semin\u0101ra atkl\u0101\u0161an\u0101 piedal\u012bsies kult\u016bras ministres padomniece Paula Zvejniece un Valmieras novada pa\u0161vald\u012bbas domes priek\u0161s\u0113d\u0113t\u0101ja vietnieks Toms Upners, uzsverot pa\u0161vald\u012bbas un ministrijas kop\u012bgo v\u012bziju par iek\u013caujo\u0161u kult\u016bras vidi. <\/p>\n<p>Praktiskas zin\u0101\u0161anas un pieredzes apmai\u0146a<\/p>\n<p>Pas\u0101kuma programma paredz bag\u0101t\u012bgu pieredzes apmai\u0146u. Sav\u0101 praks\u0113 un g\u016btaj\u0101s atzi\u0146\u0101s par piek\u013c\u016bstam\u012bbas nodro\u0161in\u0101\u0161anu dal\u012bsies t\u0101di profesion\u0101\u013ci k\u0101 Elza \u0112\u0137e no Latvijas Nacion\u0101l\u0101 m\u0101kslas muzeja, Di\u0101na Ponaskova, festiv\u0101la \u201cHomo Novus\u201d piek\u013c\u016bstam\u012bbas koordinatore, Ints Teterovskis, kora \u201cBalsis\u201d vad\u012bt\u0101js, un Lolita Gr\u0101v\u012bte, Latvijas Le\u013c\u013cu te\u0101tra izpilddirektore. Vi\u0146u st\u0101st\u012bjumi sniegs praktiskus ieskatus un iedvesmu citiem kult\u016bras darbiniekiem. Dienas otraj\u0101 pus\u0113 dal\u012bbnieki tiks iesaist\u012bti interakt\u012bv\u0101s darbn\u012bc\u0101s \u201cPolska bez Barier\u201d Valmieras muzej\u0101 un Valmieras te\u0101tr\u012b. \u0160o darbn\u012bcu m\u0113r\u0137is ir ne tikai teor\u0113tiski izprast, bet ar\u012b praktiski nov\u0113rt\u0113t kult\u016bras iest\u0101\u017eu piek\u013c\u016bstam\u012bbu, identific\u0113jot gan lab\u0101s prakses piem\u0113rus, gan nepiecie\u0161amos uzlabojumus. Katrs dal\u012bbnieks sa\u0146ems kontrolsarakstu, kas \u013caus patst\u0101v\u012bgi nov\u0113rt\u0113t savas organiz\u0101cijas piek\u013c\u016bstam\u012bbu turpm\u0101k.<\/p>\n<p>Da\u017e\u0101di aspekti piek\u013c\u016bstam\u012bbas jom\u0101<\/p>\n<p>Semin\u0101ra turpin\u0101jum\u0101 tiks pied\u0101v\u0101tas konsult\u0101cijas neliel\u0101s grup\u0101s, kur\u0101s eksperti no organiz\u0101cij\u0101m k\u0101 \u201cSustento\u201d, Nacion\u0101l\u0101 kult\u016bras mantojuma p\u0101rvalde un \u201cpieklustamiba.lv\u201d kop\u0101 ar L\u012bbu B\u0113rzi\u0146u, m\u0101kslas terapeiti un dizaineri, diskut\u0113s par da\u017e\u0101diem piek\u013c\u016bstam\u012bbas aspektiem. T\u0113mas aptvers v\u0113sturisko \u0113ku un digit\u0101l\u0101s vides piek\u013c\u016bstam\u012bbu, fizisko un satura pieejam\u012bbu, k\u0101 ar\u012b psihosoci\u0101los aspektus un sadarb\u012bbas veido\u0161anu ar m\u0113r\u0137a grup\u0101m. \u0160\u0101da visaptvero\u0161a pieeja pal\u012bdz\u0113s kult\u016bras darbiniekiem pilnv\u0113rt\u012bg\u0101k izprast un risin\u0101t da\u017e\u0101das ar piek\u013c\u016bstam\u012bbu saist\u012btas probl\u0113mas, radot patiesi aicino\u0161u un iek\u013caujo\u0161u vidi visiem apmekl\u0113t\u0101jiem. 25. novembr\u012b pas\u0101kumi norisin\u0101sies Valmieras muzej\u0101, bet 26. novembr\u012b \u2013 Valmieras Integr\u0113taj\u0101 bibliot\u0113k\u0101, nodro\u0161inot pla\u0161u pieejam\u012bbu.<\/p>\n","protected":false},"excerpt":{"rendered":"Semin\u0101rs Valmier\u0101 rosina diskusijas par piek\u013c\u016bstam\u012bbu kult\u016bras vid\u0113 Valmier\u0101, 25. un 26. novembr\u012b, norisin\u0101sies noz\u012bm\u012bgs divu dienu semin\u0101rs,&hellip;\n","protected":false},"author":2,"featured_media":51753,"comment_status":"","ping_status":"","sticky":false,"template":"","format":"standard","meta":{"footnotes":""},"categories":[12],"tags":[23,28,29,32,33,22,1813,14172,30,31,35,39,38,36,37,34,40,20,14173,26,27,1286,24,25,481,21],"class_list":{"0":"post-51752","1":"post","2":"type-post","3":"status-publish","4":"format-standard","5":"has-post-thumbnail","7":"category-latvija","8":"tag-aktualitates","9":"tag-breaking-news","10":"tag-breakingnews","11":"tag-featured-news","12":"tag-featurednews","13":"tag-headlines","14":"tag-kulturas-ministrija","15":"tag-kulturas-pieklustamiba","16":"tag-latest-news","17":"tag-latestnews","18":"tag-latvia","19":"tag-latvian","20":"tag-latviesu","21":"tag-latviesu-valoda","22":"tag-latviesuvaloda","23":"tag-latvija","24":"tag-lv","25":"tag-news","26":"tag-pieejamiba","27":"tag-popularakas-zinas","28":"tag-popularakaszinas","29":"tag-seminars","30":"tag-top-stories","31":"tag-topstories","32":"tag-valmiera","33":"tag-zinas"},"share_on_mastodon":{"url":"https:\/\/pubeurope.com\/@lv\/115564920422274045","error":""},"_links":{"self":[{"href":"https:\/\/www.europesays.com\/lv\/wp-json\/wp\/v2\/posts\/51752","targetHints":{"allow":["GET"]}}],"collection":[{"href":"https:\/\/www.europesays.com\/lv\/wp-json\/wp\/v2\/posts"}],"about":[{"href":"https:\/\/www.europesays.com\/lv\/wp-json\/wp\/v2\/types\/post"}],"author":[{"embeddable":true,"href":"https:\/\/www.europesays.com\/lv\/wp-json\/wp\/v2\/users\/2"}],"replies":[{"embeddable":true,"href":"https:\/\/www.europesays.com\/lv\/wp-json\/wp\/v2\/comments?post=51752"}],"version-history":[{"count":0,"href":"https:\/\/www.europesays.com\/lv\/wp-json\/wp\/v2\/posts\/51752\/revisions"}],"wp:featuredmedia":[{"embeddable":true,"href":"https:\/\/www.europesays.com\/lv\/wp-json\/wp\/v2\/media\/51753"}],"wp:attachment":[{"href":"https:\/\/www.europesays.com\/lv\/wp-json\/wp\/v2\/media?parent=51752"}],"wp:term":[{"taxonomy":"category","embeddable":true,"href":"https:\/\/www.europesays.com\/lv\/wp-json\/wp\/v2\/categories?post=51752"},{"taxonomy":"post_tag","embeddable":true,"href":"https:\/\/www.europesays.com\/lv\/wp-json\/wp\/v2\/tags?post=51752"}],"curies":[{"name":"wp","href":"https:\/\/api.w.org\/{rel}","templated":true}]}}