{"id":51766,"date":"2025-11-17T12:09:20","date_gmt":"2025-11-17T12:09:20","guid":{"rendered":"https:\/\/www.europesays.com\/lv\/51766\/"},"modified":"2025-11-17T12:09:20","modified_gmt":"2025-11-17T12:09:20","slug":"kur-brivdienas-versties-pie-arsta-apollo-lv","status":"publish","type":"post","link":"https:\/\/www.europesays.com\/lv\/51766\/","title":{"rendered":"Kur br\u012bvdien\u0101s v\u0113rsties pie \u0101rsta? &#8211; Apollo.lv"},"content":{"rendered":"<ol>\n<li><a href=\"https:\/\/news.google.com\/rss\/articles\/CBMicEFVX3lxTFB1d1hvbVpHYVZFd2ZwdWFWT3FOZHJ2TWJrLVNkM2J6c3NCV0d1MUNVTVdYVWplbXZBLUEzSk5wYks1TUt2eFEwTXBfM0tlN25jUTNxeWtnUERyaEtaZ0xiXy1oc0h1Z3JZN2k4X3pTbDc?oc=5\" target=\"_blank\" rel=\"nofollow noopener\">Kur br\u012bvdien\u0101s v\u0113rsties pie \u0101rsta?<\/a>&nbsp;&nbsp;Apollo.lv<\/li>\n<li><a href=\"https:\/\/news.google.com\/rss\/articles\/CBMiyAFBVV95cUxPSWpfVEZiRFp3UVBKWHM3c1FUZEoyc05YbnZERGdydmE4dGhBQ0J0YTNrb19FRVpqVktVeHpBZVRzYWJkbVNoRVNOYW5rWUJDMWRMWWRhQzc1eXVlUXFTeE5fM3gwMnQ3cHQybzFsMU9hajRUemZvLVJtWDFwM3dyeDk0elkycWE2anp2UVkzbERPWWZhU3VHMk9Pd1dYSUhqYi1CQk85eHFGLWdES3hlRnhfWTJKN0p4Z29BcHlRTHBMMGlwVGVkWdIBzgFBVV95cUxPNFBQX2pkQWtZS04xWEk3Umk5bDc3RVNJWU1TbFU1VnRxbnB3ajlLZ0QyOTE2dWQzRjNDRW9fN3RvcXF0VHhVeDMxRkFleTM4M3I2QnBRZGJOa2djckVLNmExOVdIM3VZdDM5ek9EM0p4Y0ZqdWp1cnduZ2FvWU9wLS1pamFfZ29SMGJQNUtrU0V0akNOeUlyNnkwS3Y5QkFyLUxJVG9rMHpia194UmM1SGxxeV9COTNGODk3eWc3X0dkeVItSzFuTTdvYk03QQ?oc=5\" target=\"_blank\" rel=\"nofollow noopener\">Atg\u0101dina par medic\u012bnisko konsult\u0101ciju sa\u0146em\u0161anas iesp\u0113j\u0101m pie de\u017e\u016br\u0101rstiem<\/a>&nbsp;&nbsp;bb.lv<\/li>\n<li><a href=\"https:\/\/news.google.com\/rss\/articles\/CBMipgFBVV95cUxQOHR3UllyNjk4ak1SRU84OEt1ZVBEX3hRNklsODhXaHo2UFN0OHoyUjNVZERLU19iTTJNdTM4ZDBLcm5kV0RIeS1wTmFidGk4V1hhNnFnNnlQT3FMcUh0S19pVm9BWjZhVEhNM0JySlFoLUFTWHpfOEd1cUJxYWRLcEpnVUdyM3Q5ZENPMEtHR0czRmFmekczZDBoTFBEY0w5a3NPVm13?oc=5\" target=\"_blank\" rel=\"nofollow noopener\">Kur mekl\u0113t medic\u012bnisko pal\u012bdz\u012bbu valsts sv\u0113tku br\u012bvdien\u0101s?<\/a>&nbsp;&nbsp;Lente.lv<\/li>\n<li><a href=\"https:\/\/news.google.com\/rss\/articles\/CBMilwFBVV95cUxOckFjRUZzT1E2cGRxY1JrQXo0RFZ5Ykg5bjhDZWtUTVVzbTJuVW5Mamd3WWZtaWRVcWozbDVJMEpaM2ZCOVo2ODMwSExlR2lwWEVNcC1jVUZrbWJzRGFDNlRiVEJSU0RyVjRoSExLQlZacGR0WnhrcG10NWRGZzhINEk1bW4zSUN5c1R2M1FwcTRDS01HN0dZ?oc=5\" target=\"_blank\" rel=\"nofollow noopener\">Darba laika izmai\u0146as valsts sv\u0113tku laik\u0101<\/a>&nbsp;&nbsp;Kuld\u012bgas slimn\u012bca<\/li>\n<li><a href=\"https:\/\/news.google.com\/rss\/articles\/CBMihAFBVV95cUxOeFBXRTIxSHEwbVdfRGI3RGk5Y1Q3cTRkYktoYmxZc1ItSGF5LUd6WmVNdm1vTDh2bVB6aEZESFpNWF9jVUREUU1tMGQ0T2R0bUdxcjNjd0RZdjhhZzY2OHhkemwyLWs5QnJUOUE5ZVJNOFkzZzlfaG11OTFuZVpQZGFhUW0?oc=5\" target=\"_blank\" rel=\"nofollow noopener\">De\u017e\u016br\u0101rsta pieejam\u012bba Liep\u0101j\u0101 Valsts sv\u0113tku br\u012bvdien\u0101s<\/a>&nbsp;&nbsp;Liepaja.lv<\/li>\n<\/ol>\n","protected":false},"excerpt":{"rendered":"Kur br\u012bvdien\u0101s v\u0113rsties pie \u0101rsta?&nbsp;&nbsp;Apollo.lv Atg\u0101dina par medic\u012bnisko konsult\u0101ciju sa\u0146em\u0161anas iesp\u0113j\u0101m pie de\u017e\u016br\u0101rstiem&nbsp;&nbsp;bb.lv Kur mekl\u0113t medic\u012bnisko pal\u012bdz\u012bbu valsts&hellip;\n","protected":false},"author":2,"featured_media":51767,"comment_status":"","ping_status":"","sticky":false,"template":"","format":"standard","meta":{"footnotes":""},"categories":[12],"tags":[23,28,29,13497,32,33,22,30,31,35,39,38,36,37,34,40,20,3938,11266,26,27,24,25,21],"class_list":{"0":"post-51766","1":"post","2":"type-post","3":"status-publish","4":"format-standard","5":"has-post-thumbnail","7":"category-latvija","8":"tag-aktualitates","9":"tag-breaking-news","10":"tag-breakingnews","11":"tag-brivdienas","12":"tag-featured-news","13":"tag-featurednews","14":"tag-headlines","15":"tag-latest-news","16":"tag-latestnews","17":"tag-latvia","18":"tag-latvian","19":"tag-latviesu","20":"tag-latviesu-valoda","21":"tag-latviesuvaloda","22":"tag-latvija","23":"tag-lv","24":"tag-news","25":"tag-nmpd","26":"tag-patriotu-nedela","27":"tag-popularakas-zinas","28":"tag-popularakaszinas","29":"tag-top-stories","30":"tag-topstories","31":"tag-zinas"},"share_on_mastodon":{"url":"https:\/\/pubeurope.com\/@lv\/115564967611621430","error":""},"_links":{"self":[{"href":"https:\/\/www.europesays.com\/lv\/wp-json\/wp\/v2\/posts\/51766","targetHints":{"allow":["GET"]}}],"collection":[{"href":"https:\/\/www.europesays.com\/lv\/wp-json\/wp\/v2\/posts"}],"about":[{"href":"https:\/\/www.europesays.com\/lv\/wp-json\/wp\/v2\/types\/post"}],"author":[{"embeddable":true,"href":"https:\/\/www.europesays.com\/lv\/wp-json\/wp\/v2\/users\/2"}],"replies":[{"embeddable":true,"href":"https:\/\/www.europesays.com\/lv\/wp-json\/wp\/v2\/comments?post=51766"}],"version-history":[{"count":0,"href":"https:\/\/www.europesays.com\/lv\/wp-json\/wp\/v2\/posts\/51766\/revisions"}],"wp:featuredmedia":[{"embeddable":true,"href":"https:\/\/www.europesays.com\/lv\/wp-json\/wp\/v2\/media\/51767"}],"wp:attachment":[{"href":"https:\/\/www.europesays.com\/lv\/wp-json\/wp\/v2\/media?parent=51766"}],"wp:term":[{"taxonomy":"category","embeddable":true,"href":"https:\/\/www.europesays.com\/lv\/wp-json\/wp\/v2\/categories?post=51766"},{"taxonomy":"post_tag","embeddable":true,"href":"https:\/\/www.europesays.com\/lv\/wp-json\/wp\/v2\/tags?post=51766"}],"curies":[{"name":"wp","href":"https:\/\/api.w.org\/{rel}","templated":true}]}}