{"id":51770,"date":"2025-11-17T12:11:11","date_gmt":"2025-11-17T12:11:11","guid":{"rendered":"https:\/\/www.europesays.com\/lv\/51770\/"},"modified":"2025-11-17T12:11:11","modified_gmt":"2025-11-17T12:11:11","slug":"grupa-kautkaili-atgadina-par-dzives-mirkla-vertibu-jaunaja-dziesma-te-un-tagad-lente-lv","status":"publish","type":"post","link":"https:\/\/www.europesays.com\/lv\/51770\/","title":{"rendered":"Grupa \u201cKautkaili\u201d atg\u0101dina par dz\u012bves mirk\u013ca v\u0113rt\u012bbu jaunaj\u0101 dziesm\u0101 \u201cTe un tagad\u201d\u00a0\u2014\u00a0Lente.lv"},"content":{"rendered":"<p>Jauns singls un jauns rado\u0161ais posms: Grupa \u201cKautkaili\u201d izlai\u017e dziesmu \u201cTe un tagad\u201d<\/p>\n<p>Latvie\u0161u m\u016bzikas sc\u0113n\u0101 spo\u017ei iemirdz\u0113jusies grupa \u201cKautkaili\u201d pied\u0101v\u0101 savu piekto \u0161\u012b gada singlu, \u201cTe un tagad\u201d, kas papildin\u0101ts ar aizraujo\u0161u videoklipu. \u0160is darbs ne tikai iepriecina klaus\u012bt\u0101jus ar jaunu muzik\u0101lu baud\u012bjumu, bet ar\u012b iez\u012bm\u0113 noz\u012bm\u012bgu pagrieziena punktu grupas rado\u0161aj\u0101 ce\u013c\u0101, v\u0113stot par jauna posma s\u0101kumu. Tas notiek p\u0113c pan\u0101kumiem bag\u0101t\u0101 debijas albuma \u201cPersonas kods\u201d izdo\u0161anas un tam sekojo\u0161\u0101 intens\u012bv\u0101 koncertdarb\u012bbas perioda, kas ir devis jaunu sparu un iedvesmu jaunradei.<\/p>\n<p>Dz\u012bves mirk\u013ca v\u0113rt\u012bba \u2013 galvenais v\u0113st\u012bjums<\/p>\n<p>Grupa \u201cKautkaili\u201d atz\u012bst, ka laiks kop\u0161 debijas albuma izn\u0101k\u0161anas ir bijis neticami pies\u0101tin\u0101ts un notikumiem bag\u0101ts. \u201cEsot notikumu virpul\u012b, m\u0113s bie\u017ei vien aizmirstam piesl\u0113gties br\u012bdim te un tagad,\u201d dal\u0101s m\u016bzi\u0137i, uzsverot galveno dziesmas v\u0113st\u012bjumu \u2013 mirk\u013ca v\u0113rt\u012bbas apzin\u0101\u0161anos. \u0160\u012b atzi\u0146a k\u013cuva par iedvesmas avotu dziesmas skices rad\u012b\u0161an\u0101 jau vasaras nogal\u0113, kad grupas iek\u0161\u0113jie p\u0101rspriedumi un \u0161aubas kalpoja par rado\u0161u dzinu\u013c. Grupas dal\u012bbnieki atkl\u0101j, ka bie\u017ei vien c\u012bn\u0101s ar vainas apzi\u0146u par nepietiekamu produktivit\u0101ti un laika \u0161\u0137ietamo iz\u0161\u0137ie\u0161anu. Tom\u0113r vi\u0146i non\u0101ku\u0161i pie atzi\u0146as, ka nep\u0101rtrauktas \u0161aubas un pa\u0161kritika dr\u012bz\u0101k rada pret\u0113ju efektu, nevis veicina izaugsmi.<\/p>\n<blockquote>\n<p>\u201c\u0160\u012b dziesma b\u016bs mantra visiem prokrastin\u0101cijas upuriem, kuros, par sp\u012bti pr\u0101ta lamat\u0101m, v\u0113l dzirkst\u012b v\u0113lme izdoties,\u201d par dziesmu st\u0101sta grupas vok\u0101liste Krist\u012bne P\u0101\u017ee.<\/p>\n<\/blockquote>\n<p>Dziesmas videoklips tapis sadarb\u012bb\u0101 ar talant\u012bgo re\u017eisoru Elviju P\u0101rpuci un operatoru M\u0101rti\u0146u Kivlinieku, kurus grupa d\u0113v\u0113 par saviem draugiem un kol\u0113\u0123iem profesion\u0101\u013ciem. Elvijs P\u0101rpucis par sadarb\u012bbu izteicis gandar\u012bjumu, atz\u012bm\u0113jot grupas \u201cKautkaili\u201d profesionalit\u0101ti un m\u0113r\u0137tiec\u012bbu, kas padara darbu vieglu un procesu nevainojamu.<\/p>\n<p>\u201cPersonas kods\u201d \u2013 apliecin\u0101jums talantam<\/p>\n<p>Grupa \u201cKautkaili\u201d, kuras sast\u0101v\u0101 ir Krist\u012bne P\u0101\u017ee, Didzis Bardo un Krists Kr\u016bskops, sevi ir pieteiku\u0161i ar unik\u0101lu skan\u0113jumu, kas sakaus\u0113 latvie\u0161u 90. gadu alternat\u012bv\u0101 popm\u016bzikas nostal\u0123iju ar pasaul\u012bgu soulm\u016bziku, papildinot to ar m\u016bsdien\u012bgiem ska\u0146u sl\u0101\u0146iem. Grupas dimants ir vok\u0101liste un dziesmu autore Krist\u012bne P\u0101\u017ee, kuras samtain\u0101 balss un inteli\u0123ent\u0101s melodijas sp\u0113j aizvest klaus\u012bt\u0101jus neiepaz\u012bt\u0101 j\u016btu pasaul\u0113. Vi\u0146as balsi arvien bie\u017e\u0101k d\u0113v\u0113 par vienu no sp\u0113c\u012bg\u0101kaj\u0101m latvie\u0161u m\u016bzik\u0101.<\/p>\n<p>Debijas albums \u201cPersonas kods\u201d, kas izdots 2023. gada novembr\u012b, ir sa\u0146\u0113mis augstu v\u0113rt\u0113jumu gan no m\u016bzikas kriti\u0137iem, gan klaus\u012bt\u0101jiem. Albums ieguvis \u201cZelta mikrofona\u201d nomin\u0101ciju kategorij\u0101 \u201cGada popm\u016bzikas albums\u201d un tika nomin\u0113ts \u201cAustras balvai\u201d k\u0101 viens no lab\u0101kajiem aizvad\u012bt\u0101 gada albumiem Latvij\u0101, kur grupa ar\u012b pl\u016bca uzvaras laurus, ieg\u016bstot skat\u012bt\u0101ju simp\u0101tiju balvu. \u201cPersonas kods\u201d ir aprakst\u012bts k\u0101 pa\u0161terapeitisks attiec\u012bbu albums, kas pied\u0101v\u0101 retrospekt\u012bvus pieredzes st\u0101stus par sevi, l\u012bdzcilv\u0113kiem un latvie\u0161u dabu, kalpojot k\u0101 \u201cvienvirziena bi\u013cetei\u201d ce\u013cojum\u0101 tuv\u0101k sev pa\u0161am.<\/p>\n<p>Pla\u0161a koncertdarb\u012bba un n\u0101kotnes pl\u0101ni<\/p>\n<p>P\u0113c pan\u0101kumiem bag\u0101t\u0101 debijas albuma izdo\u0161anas grupa \u201cKautkaili\u201d akt\u012bvi koncert\u0113jusi un 2025. gada ruden\u012b uzs\u0101ka savu pirmo Latvijas elektroakustisko t\u016bri \u201cKur klusums zied\u201d, kas aizs\u0101k\u0101s septembr\u012b un ilga l\u012bdz novembrim, apce\u013cojot divpadsmit pils\u0113tas vis\u0101 Latvij\u0101. T\u016bres ietvaros grupa izpild\u012bja gan dziesmas no iem\u012b\u013cot\u0101 debijas albuma \u201cPersonas kods\u201d, gan ar\u012b materi\u0101lu no dr\u012bzum\u0101 gaid\u0101m\u0101 mini-albuma \u201cKur klusums zied\u201d. T\u016bres nosl\u0113gums tika pl\u0101nots R\u012bg\u0101, \u201cSplendid Palace\u201d 11. janv\u0101r\u012b. Ar jauno singlu \u201cTe un tagad\u201d grupa ne tikai pied\u0101v\u0101 jaunu ska\u0146darbu, bet ar\u012b signaliz\u0113 par jaunas rado\u0161\u0101s noda\u013cas s\u0101kumu, liekot cer\u0113t uz v\u0113l daudzveid\u012bg\u0101ku un emocion\u0101li bag\u0101t\u0101ku muzik\u0101lo pieredzi n\u0101kotn\u0113.<\/p>\n","protected":false},"excerpt":{"rendered":"Jauns singls un jauns rado\u0161ais posms: Grupa \u201cKautkaili\u201d izlai\u017e dziesmu \u201cTe un tagad\u201d Latvie\u0161u m\u016bzikas sc\u0113n\u0101 spo\u017ei iemirdz\u0113jusies&hellip;\n","protected":false},"author":2,"featured_media":51771,"comment_status":"","ping_status":"","sticky":false,"template":"","format":"standard","meta":{"footnotes":""},"categories":[19],"tags":[89,90,440,9274,35,39,38,194,36,37,34,40,7550,14179],"class_list":{"0":"post-51770","1":"post","2":"type-post","3":"status-publish","4":"format-standard","5":"has-post-thumbnail","7":"category-izklaide","8":"tag-entertainment","9":"tag-izklaide","10":"tag-jauns-singls","11":"tag-kautkaili","12":"tag-latvia","13":"tag-latvian","14":"tag-latviesu","15":"tag-latviesu-muzika","16":"tag-latviesu-valoda","17":"tag-latviesuvaloda","18":"tag-latvija","19":"tag-lv","20":"tag-personas-kods","21":"tag-te-un-tagad"},"share_on_mastodon":{"url":"https:\/\/pubeurope.com\/@lv\/115564975453901785","error":""},"_links":{"self":[{"href":"https:\/\/www.europesays.com\/lv\/wp-json\/wp\/v2\/posts\/51770","targetHints":{"allow":["GET"]}}],"collection":[{"href":"https:\/\/www.europesays.com\/lv\/wp-json\/wp\/v2\/posts"}],"about":[{"href":"https:\/\/www.europesays.com\/lv\/wp-json\/wp\/v2\/types\/post"}],"author":[{"embeddable":true,"href":"https:\/\/www.europesays.com\/lv\/wp-json\/wp\/v2\/users\/2"}],"replies":[{"embeddable":true,"href":"https:\/\/www.europesays.com\/lv\/wp-json\/wp\/v2\/comments?post=51770"}],"version-history":[{"count":0,"href":"https:\/\/www.europesays.com\/lv\/wp-json\/wp\/v2\/posts\/51770\/revisions"}],"wp:featuredmedia":[{"embeddable":true,"href":"https:\/\/www.europesays.com\/lv\/wp-json\/wp\/v2\/media\/51771"}],"wp:attachment":[{"href":"https:\/\/www.europesays.com\/lv\/wp-json\/wp\/v2\/media?parent=51770"}],"wp:term":[{"taxonomy":"category","embeddable":true,"href":"https:\/\/www.europesays.com\/lv\/wp-json\/wp\/v2\/categories?post=51770"},{"taxonomy":"post_tag","embeddable":true,"href":"https:\/\/www.europesays.com\/lv\/wp-json\/wp\/v2\/tags?post=51770"}],"curies":[{"name":"wp","href":"https:\/\/api.w.org\/{rel}","templated":true}]}}