{"id":51772,"date":"2025-11-17T12:14:18","date_gmt":"2025-11-17T12:14:18","guid":{"rendered":"https:\/\/www.europesays.com\/lv\/51772\/"},"modified":"2025-11-17T12:14:18","modified_gmt":"2025-11-17T12:14:18","slug":"cik-latviesu-patiesiba-dzivo-no-minimalas-algas-dati-atklaj-negaiditus-rezultatus-lente-lv","status":"publish","type":"post","link":"https:\/\/www.europesays.com\/lv\/51772\/","title":{"rendered":"Cik latvie\u0161u paties\u012bb\u0101 dz\u012bvo no minim\u0101l\u0101s algas? Dati atkl\u0101j negaid\u012btus rezult\u0101tus\u00a0\u2014\u00a0Lente.lv"},"content":{"rendered":"<p>Minim\u0101l\u0101s algas realit\u0101te Eirop\u0101 un Latvij\u0101<\/p>\n<p>Eiropas Savien\u012bb\u0101 aptuveni 13 miljoni str\u0101d\u0101jo\u0161o saskaras ar realit\u0101ti, ka vi\u0146u ien\u0101kumi ir vien minim\u0101l\u0101s algas l\u012bmen\u012b vai pat zem t\u0101. \u0160is skaitlis, ko publiskojis Eurostat, sniedz ieskatu par ekonomisko situ\u0101ciju daudzviet Eirop\u0101, ta\u010du tas rosina jaut\u0101jumu \u2013 k\u0101da ir situ\u0101cija konkr\u0113t\u0101s valst\u012bs un k\u0101ds ir \u0161o darba \u0146\u0113m\u0113ju \u012bpatsvars?<\/p>\n<p>Statistikas aizkulises: kur minim\u0101l\u0101 alga ir ikdiena?<\/p>\n<p>Lai gan kop\u0113jais skaitlis ir iespaid\u012bgs, tas sl\u0113pj b\u016btiskas at\u0161\u0137ir\u012bbas starp dal\u012bbvalst\u012bm. Eurostat dati liecina, ka valst\u012bs ar augst\u0101ku minim\u0101l\u0101s algas sa\u0146\u0113m\u0113ju \u012bpatsvaru bie\u017ei vien ir zem\u0101ks ekonomiskais att\u012bst\u012bbas l\u012bmenis vai ar\u012b specifiski nodarbin\u0101t\u012bbas mode\u013ci. Interesanti ir apzin\u0101t, kur\u0101s valst\u012bs \u0161\u012b robe\u017ea starp minim\u0101lo algu un iztikas minimumu ir vispl\u0101n\u0101k\u0101. Latvij\u0101, t\u0101pat k\u0101 daudzviet citur, minim\u0101l\u0101 alga ir aktu\u0101la t\u0113ma, kas skar iev\u0113rojamu da\u013cu sabiedr\u012bbas, \u012bpa\u0161i jaunie\u0161us un mazkvalific\u0113tus darbiniekus.<\/p>\n<p>Latvijas situ\u0101cija: skaidr\u012bba datu gaism\u0101<\/p>\n<p>Lai gan Eurostat sniedz pla\u0161\u0101ku Eiropas perspekt\u012bvu, ir svar\u012bgi rast skaidr\u012bbu par situ\u0101ciju Latvij\u0101. Vai tie\u0161\u0101m tik daudz latvie\u0161u iztiek tikai no minim\u0101l\u0101s algas? Analiz\u0113jot pieejamos datus, atkl\u0101jas, ka \u0161is jaut\u0101jums ir daudz\u0161\u0137aut\u0146ains. Lai gan ofici\u0101l\u0101 statistika var\u0113tu r\u0101d\u012bt vienu ainu, re\u0101l\u0101 situ\u0101cija bie\u017ei vien ir sare\u017e\u0123\u012bt\u0101ka, jo daudzi str\u0101d\u0101jo\u0161ie, kuri form\u0101li sa\u0146em vair\u0101k nek\u0101 minim\u0101lo algu, tom\u0113r nesp\u0113j nodro\u0161in\u0101t sev cien\u012bgu dz\u012bves l\u012bmeni ar \u0161iem ien\u0101kumiem. T\u0101 ir r\u016bgta paties\u012bba, kas liek dom\u0101t par nepiecie\u0161am\u012bbu p\u0101rskat\u012bt gan minim\u0101l\u0101s algas apm\u0113ru, gan soci\u0101l\u0101s politikas virzienus.<\/p>\n<p>Ne gaid\u012bti rezult\u0101ti un t\u0101l\u0101kie so\u013ci<\/p>\n<p>P\u0113t\u012bjumi un anal\u012bzes bie\u017ei vien atkl\u0101j negaid\u012btus rezult\u0101tus, kas liek mums p\u0101rdom\u0101t savus priek\u0161status. Ja Eurostat dati par Eiropas Savien\u012bbu kopum\u0101 sniedz ievadu diskusijai, tad padzi\u013cin\u0101ta anal\u012bze par Latviju ir nepiecie\u0161ama, lai saprastu prec\u012bzo ainu. Vai ir pietiekami daudz cilv\u0113ku, kas dz\u012bvo no minim\u0101l\u0101s algas? Vai minim\u0101l\u0101 alga nodro\u0161ina iztiku? \u0160ie jaut\u0101jumi ir svar\u012bgi, lai veidotu sabiedr\u012bbu, kur\u0101 ikviens var justies nodro\u0161in\u0101ts un cien\u012bts. N\u0101kamie so\u013ci var\u0113tu ietvert ne tikai minim\u0101l\u0101s algas apm\u0113ra palielin\u0101\u0161anu, bet ar\u012b citus pas\u0101kumus, kas v\u0113rsti uz ien\u0101kumu nevienl\u012bdz\u012bbas mazin\u0101\u0161anu un darba samaksas pieaugumu zemu atalgotaj\u0101s nozar\u0113s.<\/p>\n","protected":false},"excerpt":{"rendered":"Minim\u0101l\u0101s algas realit\u0101te Eirop\u0101 un Latvij\u0101 Eiropas Savien\u012bb\u0101 aptuveni 13 miljoni str\u0101d\u0101jo\u0161o saskaras ar realit\u0101ti, ka vi\u0146u ien\u0101kumi&hellip;\n","protected":false},"author":2,"featured_media":51773,"comment_status":"","ping_status":"","sticky":false,"template":"","format":"standard","meta":{"footnotes":""},"categories":[14],"tags":[23,57,28,29,13502,32,33,22,30,31,35,39,38,36,37,34,1045,40,4354,20,26,27,3148,14180,24,25,54,55,56,21,58],"class_list":{"0":"post-51772","1":"post","2":"type-post","3":"status-publish","4":"format-standard","5":"has-post-thumbnail","7":"category-zinas-no-arvalstim","8":"tag-aktualitates","9":"tag-arvalstim","10":"tag-breaking-news","11":"tag-breakingnews","12":"tag-eurostat-dati","13":"tag-featured-news","14":"tag-featurednews","15":"tag-headlines","16":"tag-latest-news","17":"tag-latestnews","18":"tag-latvia","19":"tag-latvian","20":"tag-latviesu","21":"tag-latviesu-valoda","22":"tag-latviesuvaloda","23":"tag-latvija","24":"tag-latvijas-ekonomika","25":"tag-lv","26":"tag-minimala-alga","27":"tag-news","28":"tag-popularakas-zinas","29":"tag-popularakaszinas","30":"tag-sociala-politika","31":"tag-stradajoso-ienakumi","32":"tag-top-stories","33":"tag-topstories","34":"tag-world","35":"tag-world-news","36":"tag-worldnews","37":"tag-zinas","38":"tag-zinas-no-arvalstim"},"share_on_mastodon":{"url":"","error":"Validation failed: Text character limit of 500 exceeded"},"_links":{"self":[{"href":"https:\/\/www.europesays.com\/lv\/wp-json\/wp\/v2\/posts\/51772","targetHints":{"allow":["GET"]}}],"collection":[{"href":"https:\/\/www.europesays.com\/lv\/wp-json\/wp\/v2\/posts"}],"about":[{"href":"https:\/\/www.europesays.com\/lv\/wp-json\/wp\/v2\/types\/post"}],"author":[{"embeddable":true,"href":"https:\/\/www.europesays.com\/lv\/wp-json\/wp\/v2\/users\/2"}],"replies":[{"embeddable":true,"href":"https:\/\/www.europesays.com\/lv\/wp-json\/wp\/v2\/comments?post=51772"}],"version-history":[{"count":0,"href":"https:\/\/www.europesays.com\/lv\/wp-json\/wp\/v2\/posts\/51772\/revisions"}],"wp:featuredmedia":[{"embeddable":true,"href":"https:\/\/www.europesays.com\/lv\/wp-json\/wp\/v2\/media\/51773"}],"wp:attachment":[{"href":"https:\/\/www.europesays.com\/lv\/wp-json\/wp\/v2\/media?parent=51772"}],"wp:term":[{"taxonomy":"category","embeddable":true,"href":"https:\/\/www.europesays.com\/lv\/wp-json\/wp\/v2\/categories?post=51772"},{"taxonomy":"post_tag","embeddable":true,"href":"https:\/\/www.europesays.com\/lv\/wp-json\/wp\/v2\/tags?post=51772"}],"curies":[{"name":"wp","href":"https:\/\/api.w.org\/{rel}","templated":true}]}}