{"id":51795,"date":"2025-11-17T12:34:17","date_gmt":"2025-11-17T12:34:17","guid":{"rendered":"https:\/\/www.europesays.com\/lv\/51795\/"},"modified":"2025-11-17T12:34:17","modified_gmt":"2025-11-17T12:34:17","slug":"18-novembri-riga-gaidami-satiksmes-ierobezojumi","status":"publish","type":"post","link":"https:\/\/www.europesays.com\/lv\/51795\/","title":{"rendered":"18. novembr\u012b R\u012bg\u0101 gaid\u0101mi satiksmes ierobe\u017eojumi"},"content":{"rendered":"<p>N\u0101kamned\u0113\u013c, 18. novembr\u012b, Latvijas Republikas proklam\u0113\u0161anas dien\u0101, R\u012bg\u0101 notiks vair\u0101ki sv\u0113tku pas\u0101kumi, kuru laik\u0101 tiks ieviesti satiksmes ierobe\u017eojumi, kas var ietekm\u0113t sabiedrisk\u0101 transporta kust\u012bbu, port\u0101lu &#8220;Delfi&#8221; inform\u0113ja <a rel=\"noopener nofollow\" target=\"_blank\" href=\"https:\/\/www.delfi.lv\/temas\/34640607\/riga\" tag-id=\"34640607\">R\u012bgas<\/a> dom\u0113.<\/p>\n<p class=\"western\">\u0160aj\u0101 dien\u0101 sabiedriskaj\u0101 transport\u0101 braucieni neb\u016bs j\u0101re\u0123istr\u0113. Bez maksas var\u0113s izmantot ar\u012b &#8220;<a rel=\"noopener nofollow\" target=\"_blank\" href=\"https:\/\/www.delfi.lv\/temas\/37307975\/rigas-satiksme\" tag-id=\"37307975\">R\u012bgas satiksmes<\/a>&#8221; apsaimniekot\u0101s autost\u0101vvietas ielu mal\u0101s.<\/p>\n<p class=\"western\">Sv\u0113tku dien\u0101 pils\u0113tas centr\u0101 gaid\u0101ma intens\u012bv\u0101ka cilv\u0113ku pl\u016bsma, t\u0101d\u0113\u013c vair\u0101kos mar\u0161rutos kurs\u0113s liel\u0101kas ietilp\u012bbas transportl\u012bdzek\u013ci. No pulksten 17 l\u012bdz 24 tiks organiz\u0113ti ar\u012b papildu reisi atsevi\u0161\u0137os mar\u0161rutos.<\/p>\n<p class=\"western\">Papildu reisi paredz\u0113ti:<\/p>\n<p class=\"western\">autobusiem: 3., 11., 12., 18., 23., 24., 25., 37., 41., 50., 51., 52. un 53. mar\u0161rut\u0101;<\/p>\n<p class=\"western\">tramvajiem: 1., 5., 7., 10. un 11. mar\u0161rut\u0101;<\/p>\n<p class=\"western\">trolejbusiem: 4., 9., 14., 15., 17., 18., 22. un 27. mar\u0161rut\u0101.<\/p>\n<p class=\"western\">No pulksten 13.30 11. novembra krastmal\u0101 notiks Nacion\u0101lo bru\u0146oto sp\u0113ku milit\u0101r\u0101 par\u0101de. K\u0101jnieku mar\u0161ruts: 11. novembra krastmala \u2013 Str\u0113lnieku laukums \u2013 Ka\u013c\u0137u iela \u2013 Br\u012bv\u012bbas bulv\u0101ris \u2013 Br\u012bv\u012bbas iela \u2013 Bru\u0146inieku iela \u2013 Sporta iela \u2013 Skanstes iela.<\/p>\n<p class=\"western\">Milit\u0101r\u0101s tehnikas mar\u0161ruts: 11. novembra krastmala \u2013 \u0122ener\u0101\u013ca Radzi\u0146a krastmala l\u012bdz Salu tiltam.<\/p>\n<p class=\"western\">Satiksmi regul\u0113s un atsevi\u0161\u0137os posmos sl\u0113gs Valsts policija. Sabiedrisk\u0101 transporta mar\u0161rutos, kas \u0161\u0137\u0113rso min\u0113t\u0101s ielas, iesp\u0113jamas novirzes no kust\u012bbas grafika.<\/p>\n<p class=\"western\">Par\u0101des laik\u0101, kad b\u016bs sl\u0113gta 11. novembra krastmala un Akmens tilts, 22. autobusi virzien\u0101 uz Lidostu &#8220;R\u012bga&#8221; kurs\u0113s pa apvedce\u013cu no pieturas &#8220;13. janv\u0101ra iela&#8221;, kur veiks apgrie\u0161anos un t\u0101l\u0101k bez apst\u0101\u0161an\u0101s brauks pa 13. janv\u0101ra ielu, Em\u012blijas Benjami\u0146as ielu, L\u0101\u010dpl\u0113\u0161a ielu, Salu tiltu, M\u016bkusalas ielu, Akme\u0146u ielu, Valguma ielu un Uzvaras bulv\u0101ri. Uzvaras bulv\u0101r\u012b autobusi apst\u0101sies p\u0113c krustojuma ar Valguma ielu (pietura &#8220;Nacion\u0101l\u0101 bibliot\u0113ka&#8221;), un t\u0101l\u0101k kurs\u0113s pa ierasto mar\u0161rutu.<\/p>\n<p class=\"western\">Pasa\u017eieri aicin\u0101ti savlaic\u012bgi doties uz lidostu, jo 18. novembr\u012b satiksme b\u016bs apgr\u016btin\u0101ta vis\u0101 pils\u0113t\u0101.<\/p>\n<p class=\"western\">No pulksten 10 l\u012bdz pulksten 18 12. autobuss kurs\u0113s pa apvedce\u013cu un ce\u013c\u0101 pavad\u012bs ilg\u0101ku laiku, bet pieturvietas netiks izlaistas.<\/p>\n<p class=\"western\">Pulksten 18 s\u0101ksies L\u0101pu g\u0101jiens, kura mar\u0161ruts: K\u0101r\u013ca Ulma\u0146a piemineklis \u2013 Rai\u0146a bulv\u0101ris \u2013 Kri\u0161j\u0101\u0146a Barona iela \u2013 Aspazijas bulv\u0101ris \u2013 Z. A. Meierovica bulv\u0101ris \u2013 Kri\u0161j\u0101\u0146a Valdem\u0101ra iela \u2013 Rai\u0146a bulv\u0101ris.<\/p>\n<p class=\"western\">Aptuvenais g\u0101jiena ilgums \u2013 divas stundas. G\u0101jiena laik\u0101 satiksmi regul\u0113s un atsevi\u0161\u0137os posmos sl\u0113gs Valsts policija, t\u0101p\u0113c iesp\u0113jami sabiedrisk\u0101 transporta kav\u0113jumi un novirzes no ierastajiem mar\u0161rutiem.<\/p>\n<p class=\"western\">R\u012bgas pa\u0161vald\u012bbas maksas autost\u0101vvietas ielu mal\u0101s, kuras apkalpo &#8220;R\u012bgas satiksme&#8221;, otrdien, 18. novembr\u012b, var\u0113s izmantot bez maksas. Par apak\u0161zemes st\u0101vvietu K. Valdem\u0101ra iel\u0101 5A apmaksa j\u0101veic atbilsto\u0161i sp\u0113k\u0101 eso\u0161iem tarifiem.<\/p>\n<p class=\"m-0\">Seko &#8220;Delfi&#8221; ar\u012b  <a target=\"_blank\" href=\"https:\/\/www.instagram.com\/delfi.lv\/\" rel=\"nofollow noopener\">Instagram<\/a>  un <a target=\"_blank\" href=\"https:\/\/www.youtube.com\/channel\/UCw5foWtcJvAbUm64rv7jwUQ\" rel=\"nofollow noopener\">YouTube<\/a>  profil\u0101 \u2013 pievienojies, lai uzzin\u0101tu svar\u012bg\u0101ko un interesant\u0101ko pirmais!<\/p>\n<p>Publik\u0101cijas saturs vai t\u0101s jebk\u0101da apjoma da\u013ca ir aizsarg\u0101ts autorties\u012bbu objekts Autorties\u012bbu likuma izpratn\u0113, un t\u0101 izmanto\u0161ana bez izdev\u0113ja at\u013caujas ir aizliegta. Vair\u0101k lasi  <a target=\"_blank\" href=\"https:\/\/www.delfi.lv\/noteikumi#autortiesibas\" rel=\"nofollow noopener\">\u0161eit<\/a><script async src=\"\/\/www.instagram.com\/embed.js\"><\/script><\/p>\n","protected":false},"excerpt":{"rendered":"N\u0101kamned\u0113\u013c, 18. novembr\u012b, Latvijas Republikas proklam\u0113\u0161anas dien\u0101, R\u012bg\u0101 notiks vair\u0101ki sv\u0113tku pas\u0101kumi, kuru laik\u0101 tiks ieviesti satiksmes ierobe\u017eojumi,&hellip;\n","protected":false},"author":2,"featured_media":51796,"comment_status":"","ping_status":"","sticky":false,"template":"","format":"standard","meta":{"footnotes":""},"categories":[5],"tags":[12296,23,28,29,32,33,22,30,31,35,39,38,36,37,34,40,20,26,27,172,1612,24,25,21],"class_list":{"0":"post-51795","1":"post","2":"type-post","3":"status-publish","4":"format-standard","5":"has-post-thumbnail","7":"category-aktualitates","8":"tag-18-novembris","9":"tag-aktualitates","10":"tag-breaking-news","11":"tag-breakingnews","12":"tag-featured-news","13":"tag-featurednews","14":"tag-headlines","15":"tag-latest-news","16":"tag-latestnews","17":"tag-latvia","18":"tag-latvian","19":"tag-latviesu","20":"tag-latviesu-valoda","21":"tag-latviesuvaloda","22":"tag-latvija","23":"tag-lv","24":"tag-news","25":"tag-popularakas-zinas","26":"tag-popularakaszinas","27":"tag-riga","28":"tag-rigas-satiksme","29":"tag-top-stories","30":"tag-topstories","31":"tag-zinas"},"share_on_mastodon":{"url":"https:\/\/pubeurope.com\/@lv\/115565065858061334","error":""},"_links":{"self":[{"href":"https:\/\/www.europesays.com\/lv\/wp-json\/wp\/v2\/posts\/51795","targetHints":{"allow":["GET"]}}],"collection":[{"href":"https:\/\/www.europesays.com\/lv\/wp-json\/wp\/v2\/posts"}],"about":[{"href":"https:\/\/www.europesays.com\/lv\/wp-json\/wp\/v2\/types\/post"}],"author":[{"embeddable":true,"href":"https:\/\/www.europesays.com\/lv\/wp-json\/wp\/v2\/users\/2"}],"replies":[{"embeddable":true,"href":"https:\/\/www.europesays.com\/lv\/wp-json\/wp\/v2\/comments?post=51795"}],"version-history":[{"count":0,"href":"https:\/\/www.europesays.com\/lv\/wp-json\/wp\/v2\/posts\/51795\/revisions"}],"wp:featuredmedia":[{"embeddable":true,"href":"https:\/\/www.europesays.com\/lv\/wp-json\/wp\/v2\/media\/51796"}],"wp:attachment":[{"href":"https:\/\/www.europesays.com\/lv\/wp-json\/wp\/v2\/media?parent=51795"}],"wp:term":[{"taxonomy":"category","embeddable":true,"href":"https:\/\/www.europesays.com\/lv\/wp-json\/wp\/v2\/categories?post=51795"},{"taxonomy":"post_tag","embeddable":true,"href":"https:\/\/www.europesays.com\/lv\/wp-json\/wp\/v2\/tags?post=51795"}],"curies":[{"name":"wp","href":"https:\/\/api.w.org\/{rel}","templated":true}]}}